{"id":2975,"date":"2019-10-17T11:23:47","date_gmt":"2019-10-17T16:23:47","guid":{"rendered":"http:\/\/noticias.inderbu.gov.co\/?p=2975"},"modified":"2019-10-17T11:55:58","modified_gmt":"2019-10-17T16:55:58","slug":"consejo-municipal-de-politicas-publicas-de-juventud-avanza-en-sus-labores","status":"publish","type":"post","link":"https:\/\/noticias.inderbu.gov.co\/index.php\/2019\/10\/17\/consejo-municipal-de-politicas-publicas-de-juventud-avanza-en-sus-labores\/","title":{"rendered":"Consejo Municipal de Pol\u00edticas P\u00fablicas de Juventud, avanza en sus labores"},"content":{"rendered":"<p style=\"text-align: justify;\">En el sal\u00f3n de Medios del coliseo Bicentenario se llev\u00f3 a cabo reuni\u00f3n satisfactoria del Consejo de Pol\u00edticas P\u00fablicas de Juventud (PPJ) para el municipio de Bucaramanga.<\/p>\n<div id=\"attachment_2976\" style=\"width: 881px\" class=\"wp-caption alignnone\"><img loading=\"lazy\" decoding=\"async\" aria-describedby=\"caption-attachment-2976\" class=\"size-full wp-image-2976\" src=\"http:\/\/noticias.inderbu.gov.co\/wp-content\/uploads\/2019\/10\/CMPPJ-REUNION-EDITADA-e1571329219682.jpg\" alt=\"\" width=\"871\" height=\"521\" \/><p id=\"caption-attachment-2976\" class=\"wp-caption-text\">Reuni\u00f3n Consejo Municipal de Pol\u00edticas P\u00fablicas de Juventud<\/p><\/div>\n<p style=\"text-align: justify;\">La capital santandereana contin\u00faa cumpliendo con las Leyes 1885 de 2018 y 1622 de 2013, con las cuales se reglamenta lo concerniente al Sistema Nacional de Juventudes; por ello, en reuni\u00f3n de trabajo con las diferentes entidades y dependencias que conforman el consejo de PPJ, se socializ\u00f3 y concluy\u00f3 el documento de propuesta para dichas pol\u00edticas, que beneficiar\u00e1n los programas y acciones para los j\u00f3venes de Bucaramanga en los pr\u00f3ximos diez a\u00f1os.<\/p>\n<p style=\"text-align: justify;\">Asistieron a la mesa de trabajo, como delegada del despacho del Alcalde, la directora del INDERBU Consuelo Rodr\u00edguez Gil y delegados de las secretar\u00edas e institutos descentralizados, Planeaci\u00f3n, Interior, Desarrollo Social, Educaci\u00f3n, Salud, IMCUT, IMEBU e INDERBU; tambi\u00e9n hicieron parte de la reuni\u00f3n, la Polic\u00eda de Infancia y Adolescencia, la Plataforma de Juventud, los presidentes de Personeros y Contralores estudiantiles, as\u00ed como la Defensor\u00eda del Pueblo.<\/p>\n<div id=\"attachment_2977\" style=\"width: 881px\" class=\"wp-caption alignnone\"><img loading=\"lazy\" decoding=\"async\" aria-describedby=\"caption-attachment-2977\" class=\"size-full wp-image-2977\" src=\"http:\/\/noticias.inderbu.gov.co\/wp-content\/uploads\/2019\/10\/REUNION-CMPPJ-e1571329349417.jpeg\" alt=\"\" width=\"871\" height=\"653\" \/><p id=\"caption-attachment-2977\" class=\"wp-caption-text\">Reuni\u00f3n de trabajo Consejo Municipal de Pol\u00edticas P\u00fablicas de Juventud<\/p><\/div>\n<p style=\"text-align: justify;\">El documento de propuesta de la Pol\u00edtica P\u00fablica de Juventud para el municipio de Bucaramanga, ser\u00e1 presentado ante el Consejo Municipal de Pol\u00edtica Social-COMPOS el pr\u00f3ximo lunes 21 de octubre.<\/p>\n","protected":false},"excerpt":{"rendered":"<p>En el sal\u00f3n de Medios del coliseo Bicentenario se llev\u00f3 a cabo reuni\u00f3n satisfactoria del Consejo de Pol\u00edticas P\u00fablicas de&#46;&#46;&#46;<\/p>\n","protected":false},"author":3,"featured_media":2976,"comment_status":"closed","ping_status":"open","sticky":false,"template":"","format":"standard","meta":{"_bbp_topic_count":0,"_bbp_reply_count":0,"_bbp_total_topic_count":0,"_bbp_total_reply_count":0,"_bbp_voice_count":0,"_bbp_anonymous_reply_count":0,"_bbp_topic_count_hidden":0,"_bbp_reply_count_hidden":0,"_bbp_forum_subforum_count":0,"footnotes":""},"categories":[13,4],"tags":[33,58],"class_list":["post-2975","post","type-post","status-publish","format-standard","has-post-thumbnail","hentry","category-juventud","category-noticias","tag-participacion-juvenil","tag-politica-de-juventud"],"_links":{"self":[{"href":"https:\/\/noticias.inderbu.gov.co\/index.php\/wp-json\/wp\/v2\/posts\/2975","targetHints":{"allow":["GET"]}}],"collection":[{"href":"https:\/\/noticias.inderbu.gov.co\/index.php\/wp-json\/wp\/v2\/posts"}],"about":[{"href":"https:\/\/noticias.inderbu.gov.co\/index.php\/wp-json\/wp\/v2\/types\/post"}],"author":[{"embeddable":true,"href":"https:\/\/noticias.inderbu.gov.co\/index.php\/wp-json\/wp\/v2\/users\/3"}],"replies":[{"embeddable":true,"href":"https:\/\/noticias.inderbu.gov.co\/index.php\/wp-json\/wp\/v2\/comments?post=2975"}],"version-history":[{"count":2,"href":"https:\/\/noticias.inderbu.gov.co\/index.php\/wp-json\/wp\/v2\/posts\/2975\/revisions"}],"predecessor-version":[{"id":2979,"href":"https:\/\/noticias.inderbu.gov.co\/index.php\/wp-json\/wp\/v2\/posts\/2975\/revisions\/2979"}],"wp:featuredmedia":[{"embeddable":true,"href":"https:\/\/noticias.inderbu.gov.co\/index.php\/wp-json\/wp\/v2\/media\/2976"}],"wp:attachment":[{"href":"https:\/\/noticias.inderbu.gov.co\/index.php\/wp-json\/wp\/v2\/media?parent=2975"}],"wp:term":[{"taxonomy":"category","embeddable":true,"href":"https:\/\/noticias.inderbu.gov.co\/index.php\/wp-json\/wp\/v2\/categories?post=2975"},{"taxonomy":"post_tag","embeddable":true,"href":"https:\/\/noticias.inderbu.gov.co\/index.php\/wp-json\/wp\/v2\/tags?post=2975"}],"curies":[{"name":"wp","href":"https:\/\/api.w.org\/{rel}","templated":true}]}}