{"id":2914,"date":"2019-09-19T10:29:43","date_gmt":"2019-09-19T15:29:43","guid":{"rendered":"http:\/\/noticias.inderbu.gov.co\/?p=2914"},"modified":"2019-09-19T10:30:23","modified_gmt":"2019-09-19T15:30:23","slug":"festival-de-cross-country-de-atletismo-estudiantil","status":"publish","type":"post","link":"https:\/\/noticias.inderbu.gov.co\/index.php\/2019\/09\/19\/festival-de-cross-country-de-atletismo-estudiantil\/","title":{"rendered":"Festival de Cross Country de atletismo estudiantil"},"content":{"rendered":"<p style=\"text-align: justify;\">Este viernes 20 de septiembre el INDERBU realizar\u00e1 el Festival Cross Country de atletismo en el marco de los juegos estudiantiles.<\/p>\n<div id=\"attachment_2915\" style=\"width: 882px\" class=\"wp-caption alignnone\"><img loading=\"lazy\" decoding=\"async\" aria-describedby=\"caption-attachment-2915\" class=\"size-full wp-image-2915\" src=\"http:\/\/noticias.inderbu.gov.co\/wp-content\/uploads\/2019\/09\/cross-estudiantil-prom-e1568906856367.jpg\" alt=\"\" width=\"872\" height=\"520\" \/><p id=\"caption-attachment-2915\" class=\"wp-caption-text\">Cross country de atletismo estudiantil<\/p><\/div>\n<p style=\"text-align: justify;\">El evento que inicia a las 2:00 de la tarde, en la Unidad Deportiva Alfonso L\u00f3pez, contar\u00e1 con un circuito que contempla terrenos naturales, por donde los atletas deber\u00e1n cruzar.\u00a0 Los deportistas tendr\u00e1n punto de encuentro en la entrada al coliseo Bicentenario, para realizar la competencia.<\/p>\n<p style=\"text-align: justify;\"><strong>Categor\u00edas participantes: <\/strong><\/p>\n<ul style=\"text-align: justify;\">\n<li>Juvenil 2002-03-04,<\/li>\n<li>Prejuvenil 2005-06,<\/li>\n<li>Infantil 2007-2008,<\/li>\n<li>Preinfantil 2009-2010,<\/li>\n<li>Iniciaci\u00f3n 2011-2012,<\/li>\n<li>Hormiguitas 2013-2014,<\/li>\n<li>Biberones 2015-2016.<\/li>\n<\/ul>\n<p style=\"text-align: justify;\"><strong>Informes<\/strong>: V\u00edctor Manuel Solano, instructor Juegos Estudiantiles 3153899828-6323935-329984.<\/p>\n<p>&nbsp;<\/p>\n<p>&nbsp;<\/p>\n","protected":false},"excerpt":{"rendered":"<p>Este viernes 20 de septiembre el INDERBU realizar\u00e1 el Festival Cross Country de atletismo en el marco de los juegos&#46;&#46;&#46;<\/p>\n","protected":false},"author":3,"featured_media":2915,"comment_status":"closed","ping_status":"open","sticky":false,"template":"","format":"standard","meta":{"_bbp_topic_count":0,"_bbp_reply_count":0,"_bbp_total_topic_count":0,"_bbp_total_reply_count":0,"_bbp_voice_count":0,"_bbp_anonymous_reply_count":0,"_bbp_topic_count_hidden":0,"_bbp_reply_count_hidden":0,"_bbp_forum_subforum_count":0,"footnotes":""},"categories":[5,44,4],"tags":[81],"class_list":["post-2914","post","type-post","status-publish","format-standard","has-post-thumbnail","hentry","category-formaciond","category-intercolegiados","category-noticias","tag-juegos-intercolegiados-superate"],"_links":{"self":[{"href":"https:\/\/noticias.inderbu.gov.co\/index.php\/wp-json\/wp\/v2\/posts\/2914","targetHints":{"allow":["GET"]}}],"collection":[{"href":"https:\/\/noticias.inderbu.gov.co\/index.php\/wp-json\/wp\/v2\/posts"}],"about":[{"href":"https:\/\/noticias.inderbu.gov.co\/index.php\/wp-json\/wp\/v2\/types\/post"}],"author":[{"embeddable":true,"href":"https:\/\/noticias.inderbu.gov.co\/index.php\/wp-json\/wp\/v2\/users\/3"}],"replies":[{"embeddable":true,"href":"https:\/\/noticias.inderbu.gov.co\/index.php\/wp-json\/wp\/v2\/comments?post=2914"}],"version-history":[{"count":2,"href":"https:\/\/noticias.inderbu.gov.co\/index.php\/wp-json\/wp\/v2\/posts\/2914\/revisions"}],"predecessor-version":[{"id":2917,"href":"https:\/\/noticias.inderbu.gov.co\/index.php\/wp-json\/wp\/v2\/posts\/2914\/revisions\/2917"}],"wp:featuredmedia":[{"embeddable":true,"href":"https:\/\/noticias.inderbu.gov.co\/index.php\/wp-json\/wp\/v2\/media\/2915"}],"wp:attachment":[{"href":"https:\/\/noticias.inderbu.gov.co\/index.php\/wp-json\/wp\/v2\/media?parent=2914"}],"wp:term":[{"taxonomy":"category","embeddable":true,"href":"https:\/\/noticias.inderbu.gov.co\/index.php\/wp-json\/wp\/v2\/categories?post=2914"},{"taxonomy":"post_tag","embeddable":true,"href":"https:\/\/noticias.inderbu.gov.co\/index.php\/wp-json\/wp\/v2\/tags?post=2914"}],"curies":[{"name":"wp","href":"https:\/\/api.w.org\/{rel}","templated":true}]}}