{"id":2895,"date":"2019-09-13T10:49:58","date_gmt":"2019-09-13T15:49:58","guid":{"rendered":"http:\/\/noticias.inderbu.gov.co\/?p=2895"},"modified":"2019-09-13T10:53:43","modified_gmt":"2019-09-13T15:53:43","slug":"manana-hay-asamblea-extraordinaria-de-la-plataforma-de-juventud","status":"publish","type":"post","link":"https:\/\/noticias.inderbu.gov.co\/index.php\/2019\/09\/13\/manana-hay-asamblea-extraordinaria-de-la-plataforma-de-juventud\/","title":{"rendered":"Ma\u00f1ana hay asamblea extraordinaria de la Plataforma de Juventud"},"content":{"rendered":"<p style=\"text-align: justify;\">En el sal\u00f3n de Medios del coliseo Bicentenario Alejandro Galvis, se llevar\u00e1 a cabo ma\u00f1ana s\u00e1bado 14 de septiembre, a las 10:00 am, una reuni\u00f3n extraordinaria de la Plataforma de Juventud de Bucaramanga.<\/p>\n<div id=\"attachment_1151\" style=\"width: 1290px\" class=\"wp-caption alignnone\"><img loading=\"lazy\" decoding=\"async\" aria-describedby=\"caption-attachment-1151\" class=\"size-full wp-image-1151\" src=\"http:\/\/noticias.inderbu.gov.co\/wp-content\/uploads\/2018\/05\/Logo-plataforma.jpeg\" alt=\"\" width=\"1280\" height=\"879\" srcset=\"https:\/\/noticias.inderbu.gov.co\/wp-content\/uploads\/2018\/05\/Logo-plataforma.jpeg 1280w, https:\/\/noticias.inderbu.gov.co\/wp-content\/uploads\/2018\/05\/Logo-plataforma-300x206.jpeg 300w, https:\/\/noticias.inderbu.gov.co\/wp-content\/uploads\/2018\/05\/Logo-plataforma-768x527.jpeg 768w, https:\/\/noticias.inderbu.gov.co\/wp-content\/uploads\/2018\/05\/Logo-plataforma-1024x703.jpeg 1024w\" sizes=\"auto, (max-width: 1280px) 100vw, 1280px\" \/><p id=\"caption-attachment-1151\" class=\"wp-caption-text\">Plataforma de Juventud de Bucaramanga<\/p><\/div>\n<p style=\"text-align: justify;\">En el proceso de reactivaci\u00f3n de este \u00f3rgano aut\u00f3nomo asesor de los temas de juventud, se presentar\u00e1 un informe del comit\u00e9 pro-activaci\u00f3n conformado por las organizaciones JUCO, AIESEC y ACEU.<\/p>\n<p>El INDERBU, a trav\u00e9s de convenio con ASCUN, realiza acompa\u00f1amiento y asesor\u00eda a las iniciativas de la Plataforma de Juventud, propiciando su encuentro, organizaci\u00f3n y proyecci\u00f3n en la agenda juvenil del municipio de Bucaramanga.<\/p>\n","protected":false},"excerpt":{"rendered":"<p>En el sal\u00f3n de Medios del coliseo Bicentenario Alejandro Galvis, se llevar\u00e1 a cabo ma\u00f1ana s\u00e1bado 14 de septiembre, a&#46;&#46;&#46;<\/p>\n","protected":false},"author":3,"featured_media":1151,"comment_status":"closed","ping_status":"open","sticky":false,"template":"","format":"standard","meta":{"_bbp_topic_count":0,"_bbp_reply_count":0,"_bbp_total_topic_count":0,"_bbp_total_reply_count":0,"_bbp_voice_count":0,"_bbp_anonymous_reply_count":0,"_bbp_topic_count_hidden":0,"_bbp_reply_count_hidden":0,"_bbp_forum_subforum_count":0,"footnotes":""},"categories":[13,4],"tags":[33],"class_list":["post-2895","post","type-post","status-publish","format-standard","has-post-thumbnail","hentry","category-juventud","category-noticias","tag-participacion-juvenil"],"_links":{"self":[{"href":"https:\/\/noticias.inderbu.gov.co\/index.php\/wp-json\/wp\/v2\/posts\/2895","targetHints":{"allow":["GET"]}}],"collection":[{"href":"https:\/\/noticias.inderbu.gov.co\/index.php\/wp-json\/wp\/v2\/posts"}],"about":[{"href":"https:\/\/noticias.inderbu.gov.co\/index.php\/wp-json\/wp\/v2\/types\/post"}],"author":[{"embeddable":true,"href":"https:\/\/noticias.inderbu.gov.co\/index.php\/wp-json\/wp\/v2\/users\/3"}],"replies":[{"embeddable":true,"href":"https:\/\/noticias.inderbu.gov.co\/index.php\/wp-json\/wp\/v2\/comments?post=2895"}],"version-history":[{"count":2,"href":"https:\/\/noticias.inderbu.gov.co\/index.php\/wp-json\/wp\/v2\/posts\/2895\/revisions"}],"predecessor-version":[{"id":2897,"href":"https:\/\/noticias.inderbu.gov.co\/index.php\/wp-json\/wp\/v2\/posts\/2895\/revisions\/2897"}],"wp:featuredmedia":[{"embeddable":true,"href":"https:\/\/noticias.inderbu.gov.co\/index.php\/wp-json\/wp\/v2\/media\/1151"}],"wp:attachment":[{"href":"https:\/\/noticias.inderbu.gov.co\/index.php\/wp-json\/wp\/v2\/media?parent=2895"}],"wp:term":[{"taxonomy":"category","embeddable":true,"href":"https:\/\/noticias.inderbu.gov.co\/index.php\/wp-json\/wp\/v2\/categories?post=2895"},{"taxonomy":"post_tag","embeddable":true,"href":"https:\/\/noticias.inderbu.gov.co\/index.php\/wp-json\/wp\/v2\/tags?post=2895"}],"curies":[{"name":"wp","href":"https:\/\/api.w.org\/{rel}","templated":true}]}}