{"id":2722,"date":"2019-08-12T15:09:43","date_gmt":"2019-08-12T20:09:43","guid":{"rendered":"http:\/\/noticias.inderbu.gov.co\/?p=2722"},"modified":"2019-08-12T15:14:38","modified_gmt":"2019-08-12T20:14:38","slug":"alegria-y-participacion-en-festival-juvenil-del-inderbu","status":"publish","type":"post","link":"https:\/\/noticias.inderbu.gov.co\/index.php\/2019\/08\/12\/alegria-y-participacion-en-festival-juvenil-del-inderbu\/","title":{"rendered":"Alegr\u00eda y participaci\u00f3n en Festival Juvenil del INDERBU"},"content":{"rendered":"<p style=\"text-align: justify;\"><strong><em>370 j\u00f3venes disfrutaron del Festival Juvenil que el INDERBU realiz\u00f3 en el Recrear La Victoria, como apertura a la Semana de la Juventud.<\/em><\/strong><\/p>\n<div id=\"attachment_2723\" style=\"width: 880px\" class=\"wp-caption alignnone\"><img loading=\"lazy\" decoding=\"async\" aria-describedby=\"caption-attachment-2723\" class=\"size-full wp-image-2723\" src=\"http:\/\/noticias.inderbu.gov.co\/wp-content\/uploads\/2019\/08\/FESTIVAL-JUVENIL-e1565632111341.jpeg\" alt=\"\" width=\"870\" height=\"644\" \/><p id=\"caption-attachment-2723\" class=\"wp-caption-text\">Festival Juvenil<\/p><\/div>\n<p style=\"text-align: justify;\">Dede las 9:00 de la ma\u00f1ana y hasta las 5:00 de la tarde, en el parque Recrear de La Victoria se vivi\u00f3 el Festival Juvenil del INDERBU, con diversas actividades que propiciaron todo un d\u00eda de diversi\u00f3n, recreaci\u00f3n, entretenimiento e integraci\u00f3n de los j\u00f3venes. \u00a0Los j\u00f3venes que se destacaron por su activa participaci\u00f3n recibieron incentivos de premiaci\u00f3n.<\/p>\n<p style=\"text-align: justify;\"><strong>Stunt Bike<\/strong><\/p>\n<p style=\"text-align: justify;\">La adrenalina se elev\u00f3 en los j\u00f3venes tras las exhibiciones de Stunt Bike, con las piruetas y acrobacias en bicicleta, demostrando los resultados de los entrenamientos de los chicos y chicas que viven esta pr\u00e1ctica deportiva.<\/p>\n<div id=\"attachment_2724\" style=\"width: 881px\" class=\"wp-caption alignnone\"><img loading=\"lazy\" decoding=\"async\" aria-describedby=\"caption-attachment-2724\" class=\"size-full wp-image-2724\" src=\"http:\/\/noticias.inderbu.gov.co\/wp-content\/uploads\/2019\/08\/STUNT-BIKE-e1565632261278.jpeg\" alt=\"\" width=\"871\" height=\"653\" \/><p id=\"caption-attachment-2724\" class=\"wp-caption-text\">Exhibici\u00f3n Stunt Bike Juvenil<\/p><\/div>\n<p style=\"text-align: justify;\"><strong>Skateboarding<\/strong><\/p>\n<p style=\"text-align: justify;\">La pasi\u00f3n por el Skateboarding estuvo a cabo de Oscar Pi\u00f1eres y la organizaci\u00f3n juvenil de la Plataforma Skate por la Vida.\u00a0 Las rampas y barras recibieron a los mejores exponentes de Bucaramanga en esta pr\u00e1ctica deportiva.<\/p>\n<div id=\"attachment_2725\" style=\"width: 881px\" class=\"wp-caption alignnone\"><img loading=\"lazy\" decoding=\"async\" aria-describedby=\"caption-attachment-2725\" class=\"size-full wp-image-2725\" src=\"http:\/\/noticias.inderbu.gov.co\/wp-content\/uploads\/2019\/08\/SKATE-e1565632347539.jpeg\" alt=\"\" width=\"871\" height=\"1161\" \/><p id=\"caption-attachment-2725\" class=\"wp-caption-text\">Exhibici\u00f3n Skateboarding<\/p><\/div>\n<p style=\"text-align: justify;\"><strong>Torneos deportivos<\/strong><\/p>\n<p style=\"text-align: justify;\">24 equipos deportivos participaron en los torneos de voleibol mixto, as\u00ed como microf\u00fatbol masculino y femenino, permitiendo espacios de deporte, recreaci\u00f3n e integraci\u00f3n de los j\u00f3venes de distintos sectores de la ciudad.\u00a0 Adem\u00e1s de medallas, los j\u00f3venes recibieron incentivos por su destacada participaci\u00f3n.<\/p>\n<div id=\"attachment_2735\" style=\"width: 881px\" class=\"wp-caption alignnone\"><img loading=\"lazy\" decoding=\"async\" aria-describedby=\"caption-attachment-2735\" class=\"size-full wp-image-2735\" src=\"http:\/\/noticias.inderbu.gov.co\/wp-content\/uploads\/2019\/08\/CAMPEON-VOLEIBOL-GIRARDOT-e1565638687158.jpeg\" alt=\"\" width=\"871\" height=\"868\" \/><p id=\"caption-attachment-2735\" class=\"wp-caption-text\">Equipo Casa Girardot, campe\u00f3n voleibol mixto, junto con la directora Dra Consuelo Rodr\u00edguez y la gestora juvenil psic\u00f3loga Lina Contreras<\/p><\/div>\n<div id=\"attachment_2726\" style=\"width: 881px\" class=\"wp-caption alignnone\"><img loading=\"lazy\" decoding=\"async\" aria-describedby=\"caption-attachment-2726\" class=\"size-full wp-image-2726\" src=\"http:\/\/noticias.inderbu.gov.co\/wp-content\/uploads\/2019\/08\/VOLEIBOL-JUVENIL-e1565632486976.jpeg\" alt=\"\" width=\"871\" height=\"653\" \/><p id=\"caption-attachment-2726\" class=\"wp-caption-text\">Voleibol Juvenil<\/p><\/div>\n<div id=\"attachment_2727\" style=\"width: 881px\" class=\"wp-caption alignnone\"><img loading=\"lazy\" decoding=\"async\" aria-describedby=\"caption-attachment-2727\" class=\"size-full wp-image-2727\" src=\"http:\/\/noticias.inderbu.gov.co\/wp-content\/uploads\/2019\/08\/MICROFUTBOL-JUVEN-e1565632583847.jpeg\" alt=\"\" width=\"871\" height=\"490\" \/><p id=\"caption-attachment-2727\" class=\"wp-caption-text\">Microf\u00fatbol juvenil<\/p><\/div>\n<p style=\"text-align: justify;\"><strong>Teatro juvenil<\/strong><\/p>\n<p style=\"text-align: justify;\">Nuevamente la Casa de Juventud del INDERBU ubicada en el barrio Girardot debut\u00f3 con una obra de teatro sobre la verdadera comunicaci\u00f3n y el cuidado del medio ambiente.<\/p>\n<p style=\"text-align: justify;\"><strong>\u00a0<\/strong><\/p>\n<div id=\"attachment_2728\" style=\"width: 880px\" class=\"wp-caption alignnone\"><img loading=\"lazy\" decoding=\"async\" aria-describedby=\"caption-attachment-2728\" class=\"size-full wp-image-2728\" src=\"http:\/\/noticias.inderbu.gov.co\/wp-content\/uploads\/2019\/08\/TEATRO-FESTI-JUVEN-e1565632837875.jpeg\" alt=\"\" width=\"870\" height=\"644\" \/><p id=\"caption-attachment-2728\" class=\"wp-caption-text\">Presentaci\u00f3n grupo de teatro Casa Girardot<\/p><\/div>\n<p style=\"text-align: justify;\"><strong>Stands de ofertas institucionales y muestra microempresarial<\/strong><\/p>\n<p style=\"text-align: justify;\">Con juegos did\u00e1cticos, implementando un modelo pedag\u00f3gico interactivo, la Direcci\u00f3n de Tr\u00e1nsito de Bucaramanga, instruy\u00f3 sobre la prevenci\u00f3n de accidentes en las v\u00edas.\u00a0 Las Secretar\u00edas de Desarrollo Social, Interior y Salud, hicieron presencia en sus stands institucionales con informaci\u00f3n y orientaci\u00f3n para los j\u00f3venes, entregando incentivos y motivando a los j\u00f3venes.<\/p>\n<div id=\"attachment_2730\" style=\"width: 881px\" class=\"wp-caption alignnone\"><img loading=\"lazy\" decoding=\"async\" aria-describedby=\"caption-attachment-2730\" class=\"size-full wp-image-2730\" src=\"http:\/\/noticias.inderbu.gov.co\/wp-content\/uploads\/2019\/08\/TRANSITO-PEDAGOGIA-e1565637393485.jpeg\" alt=\"\" width=\"871\" height=\"490\" \/><p id=\"caption-attachment-2730\" class=\"wp-caption-text\">Stands institucionales de oferta de servicios para j\u00f3venes<\/p><\/div>\n<p style=\"text-align: justify;\">El INDERBU present\u00f3 los productos que los j\u00f3venes pueden aprender a elaborar a trav\u00e9s de sus talleristas, que puestas en el mercado contribuyen a la generaci\u00f3n de ingresos familiares. Tambi\u00e9n el INDERBU ofreci\u00f3 asesor\u00eda pedag\u00f3gica y motivacional para los j\u00f3venes.<\/p>\n<div id=\"attachment_2732\" style=\"width: 881px\" class=\"wp-caption alignnone\"><img loading=\"lazy\" decoding=\"async\" aria-describedby=\"caption-attachment-2732\" class=\"size-full wp-image-2732\" src=\"http:\/\/noticias.inderbu.gov.co\/wp-content\/uploads\/2019\/08\/STAND-INDERBU1-e1565637812572.jpeg\" alt=\"\" width=\"871\" height=\"653\" \/><p id=\"caption-attachment-2732\" class=\"wp-caption-text\">Stand INDERBU, con exhibici\u00f3n de productos elaborados por los j\u00f3venes. En foto, talleristas Zoraida Arenas y Consuelo Ariza<\/p><\/div>\n<div id=\"attachment_2731\" style=\"width: 881px\" class=\"wp-caption alignnone\"><img loading=\"lazy\" decoding=\"async\" aria-describedby=\"caption-attachment-2731\" class=\"size-full wp-image-2731\" src=\"http:\/\/noticias.inderbu.gov.co\/wp-content\/uploads\/2019\/08\/STAND-INDERBU3-e1565637652164.jpeg\" alt=\"\" width=\"871\" height=\"653\" \/><p id=\"caption-attachment-2731\" class=\"wp-caption-text\">Stand del INDERBU con atenci\u00f3n para j\u00f3venes a cargo del psic\u00f3logo John Ospina<\/p><\/div>\n<p style=\"text-align: justify;\"><strong>Plataforma de Juventud Activa y participante<\/strong><\/p>\n<p style=\"text-align: justify;\">Las organzaciones juveniles \u00a0JUCO, AIESEC, SCOUTS, Fundaci\u00f3n Jos\u00e9 Cris Semillas de Paz, ACEU y Cidemos, estuvieron presentes, activas y participantes en el Festival Juvenil; propiciaron espacios de integraci\u00f3n, informaron sobre sus objetivos y entregaron incentivos por participaci\u00f3n a los j\u00f3venes.<\/p>\n<div id=\"attachment_2733\" style=\"width: 881px\" class=\"wp-caption alignnone\"><img loading=\"lazy\" decoding=\"async\" aria-describedby=\"caption-attachment-2733\" class=\"size-full wp-image-2733\" src=\"http:\/\/noticias.inderbu.gov.co\/wp-content\/uploads\/2019\/08\/CIDEMOS-PLATAFORMA-e1565638483226.jpeg\" alt=\"\" width=\"871\" height=\"490\" \/><p id=\"caption-attachment-2733\" class=\"wp-caption-text\">CIDEMOS con los j\u00f3venes del Festival. Ganadores concurso junto a la gestora Casa Juventud Campo Hermoso psic\u00f3loga Shirley Patricia Cely Ariza.<\/p><\/div>\n<div id=\"attachment_2734\" style=\"width: 881px\" class=\"wp-caption alignnone\"><img loading=\"lazy\" decoding=\"async\" aria-describedby=\"caption-attachment-2734\" class=\"size-full wp-image-2734\" src=\"http:\/\/noticias.inderbu.gov.co\/wp-content\/uploads\/2019\/08\/SCOUTS-e1565638575895.jpeg\" alt=\"\" width=\"871\" height=\"653\" \/><p id=\"caption-attachment-2734\" class=\"wp-caption-text\">SCOUTS Bucaramanga presente en el Festival<\/p><\/div>\n<p style=\"text-align: justify;\"><strong>Gran final de Descubriendo Talentos en Tarima Abierta<\/strong><\/p>\n<p style=\"text-align: justify;\">Luego de dos eventos clasificatorios en Tarima Abierta, se realiz\u00f3 la final del concurso \u201cDescubriendo Talentos\u201d del INDERBU.<\/p>\n<div id=\"attachment_2736\" style=\"width: 881px\" class=\"wp-caption alignnone\"><img loading=\"lazy\" decoding=\"async\" aria-describedby=\"caption-attachment-2736\" class=\"size-full wp-image-2736\" src=\"http:\/\/noticias.inderbu.gov.co\/wp-content\/uploads\/2019\/08\/DESCUBRIENDO-TALENTOS-FINAL-e1565639085171.jpeg\" alt=\"\" width=\"871\" height=\"490\" \/><p id=\"caption-attachment-2736\" class=\"wp-caption-text\">Artistas juveniles<\/p><\/div>\n<div id=\"attachment_2737\" style=\"width: 881px\" class=\"wp-caption alignnone\"><img loading=\"lazy\" decoding=\"async\" aria-describedby=\"caption-attachment-2737\" class=\"size-full wp-image-2737\" src=\"http:\/\/noticias.inderbu.gov.co\/wp-content\/uploads\/2019\/08\/BANDA-MUSICAL-e1565639178597.jpeg\" alt=\"\" width=\"871\" height=\"653\" \/><p id=\"caption-attachment-2737\" class=\"wp-caption-text\">Banda de rock Victoria Santa<\/p><\/div>\n<p style=\"text-align: justify;\">Se evidenciaron grandes capacidades en nuestros j\u00f3venes, quienes recibieron incentivos por su destacada participaci\u00f3n:<\/p>\n<table>\n<tbody>\n<tr>\n<td width=\"196\">CATEGOR\u00cdA<\/td>\n<td colspan=\"2\" width=\"392\">ARTISTA<\/td>\n<\/tr>\n<tr>\n<td rowspan=\"3\" width=\"196\">Solistas femenino<\/td>\n<td width=\"40\">1\u00ba<\/td>\n<td width=\"353\">Nelly Tatiana S\u00e1nchez<\/td>\n<\/tr>\n<tr>\n<td width=\"40\">2\u00ba<\/td>\n<td width=\"353\">Laura Salinas Qui\u00f1\u00f3nez<\/td>\n<\/tr>\n<tr>\n<td width=\"40\">3\u00ba<\/td>\n<td width=\"353\">Angie Melissa Romero Vega<\/td>\n<\/tr>\n<tr>\n<td rowspan=\"3\" width=\"196\">Solistas Masculino<\/td>\n<td width=\"40\">1\u00ba<\/td>\n<td width=\"353\">George Stiven Pinz\u00f3n Rodr\u00edguez<\/td>\n<\/tr>\n<tr>\n<td width=\"40\">2\u00ba<\/td>\n<td width=\"353\">Luis Javier Ardila Morales<\/td>\n<\/tr>\n<tr>\n<td width=\"40\">3\u00ba<\/td>\n<td width=\"353\">Mateo Guevara Alfonso<\/td>\n<\/tr>\n<tr>\n<td rowspan=\"3\" width=\"196\">Bandas<\/td>\n<td width=\"40\">1\u00ba<\/td>\n<td width=\"353\">M\u00fasica Llanera<\/td>\n<\/tr>\n<tr>\n<td width=\"40\">2\u00ba<\/td>\n<td width=\"353\">Victoria Santa<\/td>\n<\/tr>\n<tr>\n<td width=\"40\">3\u00ba<\/td>\n<td width=\"353\">Senda Rock<\/td>\n<\/tr>\n<\/tbody>\n<\/table>\n<p style=\"text-align: justify;\">Galer\u00eda de im\u00e1genes:<\/p>\n\n\t\t<style>\n\t\t\t#gallery-1 {\n\t\t\t\tmargin: auto;\n\t\t\t}\n\t\t\t#gallery-1 .gallery-item {\n\t\t\t\tfloat: left;\n\t\t\t\tmargin-top: 10px;\n\t\t\t\ttext-align: center;\n\t\t\t\twidth: 50%;\n\t\t\t}\n\t\t\t#gallery-1 img {\n\t\t\t\tborder: 2px solid #cfcfcf;\n\t\t\t}\n\t\t\t#gallery-1 .gallery-caption {\n\t\t\t\tmargin-left: 0;\n\t\t\t}\n\t\t\t\/* see gallery_shortcode() in wp-includes\/media.php *\/\n\t\t<\/style>\n\t\t<div id='gallery-1' class='gallery galleryid-2722 gallery-columns-2 gallery-size-large'><dl class='gallery-item'>\n\t\t\t<dt class='gallery-icon landscape'>\n\t\t\t\t<a href='https:\/\/noticias.inderbu.gov.co\/index.php\/2019\/08\/12\/alegria-y-participacion-en-festival-juvenil-del-inderbu\/jovenes-pablon-2\/'><img loading=\"lazy\" decoding=\"async\" width=\"1024\" height=\"768\" src=\"https:\/\/noticias.inderbu.gov.co\/wp-content\/uploads\/2019\/08\/JOVENES-PABLON-1024x768.jpeg\" class=\"attachment-large size-large no-lazy\" alt=\"\" aria-describedby=\"gallery-1-2738\" srcset=\"https:\/\/noticias.inderbu.gov.co\/wp-content\/uploads\/2019\/08\/JOVENES-PABLON-1024x768.jpeg 1024w, https:\/\/noticias.inderbu.gov.co\/wp-content\/uploads\/2019\/08\/JOVENES-PABLON-300x225.jpeg 300w, https:\/\/noticias.inderbu.gov.co\/wp-content\/uploads\/2019\/08\/JOVENES-PABLON-768x576.jpeg 768w, https:\/\/noticias.inderbu.gov.co\/wp-content\/uploads\/2019\/08\/JOVENES-PABLON-e1565639252705.jpeg 871w\" sizes=\"auto, (max-width: 1024px) 100vw, 1024px\" \/><\/a>\n\t\t\t<\/dt>\n\t\t\t\t<dd class='wp-caption-text gallery-caption' id='gallery-1-2738'>\n\t\t\t\tJ\u00f3venes Casa Pabl\u00f3n\n\t\t\t\t<\/dd><\/dl><dl class='gallery-item'>\n\t\t\t<dt class='gallery-icon landscape'>\n\t\t\t\t<a href='https:\/\/noticias.inderbu.gov.co\/index.php\/2019\/08\/12\/alegria-y-participacion-en-festival-juvenil-del-inderbu\/casa-bucaramanga-2\/'><img loading=\"lazy\" decoding=\"async\" width=\"1024\" height=\"768\" src=\"https:\/\/noticias.inderbu.gov.co\/wp-content\/uploads\/2019\/08\/CASA-BUCARAMANGA-1024x768.jpeg\" class=\"attachment-large size-large no-lazy\" alt=\"\" aria-describedby=\"gallery-1-2739\" srcset=\"https:\/\/noticias.inderbu.gov.co\/wp-content\/uploads\/2019\/08\/CASA-BUCARAMANGA-1024x768.jpeg 1024w, https:\/\/noticias.inderbu.gov.co\/wp-content\/uploads\/2019\/08\/CASA-BUCARAMANGA-300x225.jpeg 300w, https:\/\/noticias.inderbu.gov.co\/wp-content\/uploads\/2019\/08\/CASA-BUCARAMANGA-768x576.jpeg 768w, https:\/\/noticias.inderbu.gov.co\/wp-content\/uploads\/2019\/08\/CASA-BUCARAMANGA-e1565639405528.jpeg 871w\" sizes=\"auto, (max-width: 1024px) 100vw, 1024px\" \/><\/a>\n\t\t\t<\/dt>\n\t\t\t\t<dd class='wp-caption-text gallery-caption' id='gallery-1-2739'>\n\t\t\t\tJ\u00f3venes Casa Bucaramanga\n\t\t\t\t<\/dd><\/dl><br style=\"clear: both\" \/><dl class='gallery-item'>\n\t\t\t<dt class='gallery-icon landscape'>\n\t\t\t\t<a href='https:\/\/noticias.inderbu.gov.co\/index.php\/2019\/08\/12\/alegria-y-participacion-en-festival-juvenil-del-inderbu\/casa-girardot-3\/'><img loading=\"lazy\" decoding=\"async\" width=\"1024\" height=\"768\" src=\"https:\/\/noticias.inderbu.gov.co\/wp-content\/uploads\/2019\/08\/CASA-GIRARDOT-1024x768.jpeg\" class=\"attachment-large size-large no-lazy\" alt=\"\" aria-describedby=\"gallery-1-2740\" srcset=\"https:\/\/noticias.inderbu.gov.co\/wp-content\/uploads\/2019\/08\/CASA-GIRARDOT-1024x768.jpeg 1024w, https:\/\/noticias.inderbu.gov.co\/wp-content\/uploads\/2019\/08\/CASA-GIRARDOT-300x225.jpeg 300w, https:\/\/noticias.inderbu.gov.co\/wp-content\/uploads\/2019\/08\/CASA-GIRARDOT-768x576.jpeg 768w, https:\/\/noticias.inderbu.gov.co\/wp-content\/uploads\/2019\/08\/CASA-GIRARDOT-e1565639463615.jpeg 871w\" sizes=\"auto, (max-width: 1024px) 100vw, 1024px\" \/><\/a>\n\t\t\t<\/dt>\n\t\t\t\t<dd class='wp-caption-text gallery-caption' id='gallery-1-2740'>\n\t\t\t\tJ\u00f3venes destacados de la Casa Girardot\n\t\t\t\t<\/dd><\/dl><dl class='gallery-item'>\n\t\t\t<dt class='gallery-icon landscape'>\n\t\t\t\t<a href='https:\/\/noticias.inderbu.gov.co\/index.php\/2019\/08\/12\/alegria-y-participacion-en-festival-juvenil-del-inderbu\/pablo-sexto\/'><img loading=\"lazy\" decoding=\"async\" width=\"1024\" height=\"768\" src=\"https:\/\/noticias.inderbu.gov.co\/wp-content\/uploads\/2019\/08\/PABLO-SEXTO-1024x768.jpeg\" class=\"attachment-large size-large no-lazy\" alt=\"\" aria-describedby=\"gallery-1-2741\" srcset=\"https:\/\/noticias.inderbu.gov.co\/wp-content\/uploads\/2019\/08\/PABLO-SEXTO-1024x768.jpeg 1024w, https:\/\/noticias.inderbu.gov.co\/wp-content\/uploads\/2019\/08\/PABLO-SEXTO-300x225.jpeg 300w, https:\/\/noticias.inderbu.gov.co\/wp-content\/uploads\/2019\/08\/PABLO-SEXTO-768x576.jpeg 768w, https:\/\/noticias.inderbu.gov.co\/wp-content\/uploads\/2019\/08\/PABLO-SEXTO-e1565639577402.jpeg 871w\" sizes=\"auto, (max-width: 1024px) 100vw, 1024px\" \/><\/a>\n\t\t\t<\/dt>\n\t\t\t\t<dd class='wp-caption-text gallery-caption' id='gallery-1-2741'>\n\t\t\t\tJ\u00f3venes Casa Pablo VI\n\t\t\t\t<\/dd><\/dl><br style=\"clear: both\" \/><dl class='gallery-item'>\n\t\t\t<dt class='gallery-icon landscape'>\n\t\t\t\t<a href='https:\/\/noticias.inderbu.gov.co\/index.php\/2019\/08\/12\/alegria-y-participacion-en-festival-juvenil-del-inderbu\/campo-hermoso\/'><img loading=\"lazy\" decoding=\"async\" width=\"1024\" height=\"576\" src=\"https:\/\/noticias.inderbu.gov.co\/wp-content\/uploads\/2019\/08\/CAMPO-HERMOSO-1024x576.jpeg\" class=\"attachment-large size-large no-lazy\" alt=\"\" aria-describedby=\"gallery-1-2742\" srcset=\"https:\/\/noticias.inderbu.gov.co\/wp-content\/uploads\/2019\/08\/CAMPO-HERMOSO-1024x576.jpeg 1024w, https:\/\/noticias.inderbu.gov.co\/wp-content\/uploads\/2019\/08\/CAMPO-HERMOSO-300x169.jpeg 300w, https:\/\/noticias.inderbu.gov.co\/wp-content\/uploads\/2019\/08\/CAMPO-HERMOSO-768x432.jpeg 768w, https:\/\/noticias.inderbu.gov.co\/wp-content\/uploads\/2019\/08\/CAMPO-HERMOSO-e1565640361266.jpeg 871w\" sizes=\"auto, (max-width: 1024px) 100vw, 1024px\" \/><\/a>\n\t\t\t<\/dt>\n\t\t\t\t<dd class='wp-caption-text gallery-caption' id='gallery-1-2742'>\n\t\t\t\tJ\u00f3venes Casa Campo Hermoso\n\t\t\t\t<\/dd><\/dl><dl class='gallery-item'>\n\t\t\t<dt class='gallery-icon landscape'>\n\t\t\t\t<a href='https:\/\/noticias.inderbu.gov.co\/index.php\/2019\/08\/12\/alegria-y-participacion-en-festival-juvenil-del-inderbu\/corregimientos1\/'><img loading=\"lazy\" decoding=\"async\" width=\"1024\" height=\"576\" src=\"https:\/\/noticias.inderbu.gov.co\/wp-content\/uploads\/2019\/08\/CORREGIMIENTOS1-1024x576.jpeg\" class=\"attachment-large size-large no-lazy\" alt=\"\" aria-describedby=\"gallery-1-2743\" srcset=\"https:\/\/noticias.inderbu.gov.co\/wp-content\/uploads\/2019\/08\/CORREGIMIENTOS1-1024x576.jpeg 1024w, https:\/\/noticias.inderbu.gov.co\/wp-content\/uploads\/2019\/08\/CORREGIMIENTOS1-300x169.jpeg 300w, https:\/\/noticias.inderbu.gov.co\/wp-content\/uploads\/2019\/08\/CORREGIMIENTOS1-768x432.jpeg 768w, https:\/\/noticias.inderbu.gov.co\/wp-content\/uploads\/2019\/08\/CORREGIMIENTOS1-e1565640406374.jpeg 871w\" sizes=\"auto, (max-width: 1024px) 100vw, 1024px\" \/><\/a>\n\t\t\t<\/dt>\n\t\t\t\t<dd class='wp-caption-text gallery-caption' id='gallery-1-2743'>\n\t\t\t\tJ\u00f3venes de los corregimientos\n\t\t\t\t<\/dd><\/dl><br style=\"clear: both\" \/><dl class='gallery-item'>\n\t\t\t<dt class='gallery-icon landscape'>\n\t\t\t\t<a href='https:\/\/noticias.inderbu.gov.co\/index.php\/2019\/08\/12\/alegria-y-participacion-en-festival-juvenil-del-inderbu\/comuna-9\/'><img loading=\"lazy\" decoding=\"async\" width=\"1024\" height=\"512\" src=\"https:\/\/noticias.inderbu.gov.co\/wp-content\/uploads\/2019\/08\/COMUNA-9-1024x512.jpeg\" class=\"attachment-large size-large no-lazy\" alt=\"\" aria-describedby=\"gallery-1-2744\" srcset=\"https:\/\/noticias.inderbu.gov.co\/wp-content\/uploads\/2019\/08\/COMUNA-9-1024x512.jpeg 1024w, https:\/\/noticias.inderbu.gov.co\/wp-content\/uploads\/2019\/08\/COMUNA-9-300x150.jpeg 300w, https:\/\/noticias.inderbu.gov.co\/wp-content\/uploads\/2019\/08\/COMUNA-9-768x384.jpeg 768w, https:\/\/noticias.inderbu.gov.co\/wp-content\/uploads\/2019\/08\/COMUNA-9-e1565640448254.jpeg 871w\" sizes=\"auto, (max-width: 1024px) 100vw, 1024px\" \/><\/a>\n\t\t\t<\/dt>\n\t\t\t\t<dd class='wp-caption-text gallery-caption' id='gallery-1-2744'>\n\t\t\t\tJ\u00f3venes de la comuna 9\n\t\t\t\t<\/dd><\/dl>\n\t\t\t<br style='clear: both' \/>\n\t\t<\/div>\n\n","protected":false},"excerpt":{"rendered":"<p>370 j\u00f3venes disfrutaron del Festival Juvenil que el INDERBU realiz\u00f3 en el Recrear La Victoria, como apertura a la Semana&#46;&#46;&#46;<\/p>\n","protected":false},"author":3,"featured_media":2723,"comment_status":"closed","ping_status":"open","sticky":false,"template":"","format":"standard","meta":{"_bbp_topic_count":0,"_bbp_reply_count":0,"_bbp_total_topic_count":0,"_bbp_total_reply_count":0,"_bbp_voice_count":0,"_bbp_anonymous_reply_count":0,"_bbp_topic_count_hidden":0,"_bbp_reply_count_hidden":0,"_bbp_forum_subforum_count":0,"footnotes":""},"categories":[13,4],"tags":[24,33,87],"class_list":["post-2722","post","type-post","status-publish","format-standard","has-post-thumbnail","hentry","category-juventud","category-noticias","tag-juventud","tag-participacion-juvenil","tag-plataforma-de-juventud"],"_links":{"self":[{"href":"https:\/\/noticias.inderbu.gov.co\/index.php\/wp-json\/wp\/v2\/posts\/2722","targetHints":{"allow":["GET"]}}],"collection":[{"href":"https:\/\/noticias.inderbu.gov.co\/index.php\/wp-json\/wp\/v2\/posts"}],"about":[{"href":"https:\/\/noticias.inderbu.gov.co\/index.php\/wp-json\/wp\/v2\/types\/post"}],"author":[{"embeddable":true,"href":"https:\/\/noticias.inderbu.gov.co\/index.php\/wp-json\/wp\/v2\/users\/3"}],"replies":[{"embeddable":true,"href":"https:\/\/noticias.inderbu.gov.co\/index.php\/wp-json\/wp\/v2\/comments?post=2722"}],"version-history":[{"count":5,"href":"https:\/\/noticias.inderbu.gov.co\/index.php\/wp-json\/wp\/v2\/posts\/2722\/revisions"}],"predecessor-version":[{"id":2748,"href":"https:\/\/noticias.inderbu.gov.co\/index.php\/wp-json\/wp\/v2\/posts\/2722\/revisions\/2748"}],"wp:featuredmedia":[{"embeddable":true,"href":"https:\/\/noticias.inderbu.gov.co\/index.php\/wp-json\/wp\/v2\/media\/2723"}],"wp:attachment":[{"href":"https:\/\/noticias.inderbu.gov.co\/index.php\/wp-json\/wp\/v2\/media?parent=2722"}],"wp:term":[{"taxonomy":"category","embeddable":true,"href":"https:\/\/noticias.inderbu.gov.co\/index.php\/wp-json\/wp\/v2\/categories?post=2722"},{"taxonomy":"post_tag","embeddable":true,"href":"https:\/\/noticias.inderbu.gov.co\/index.php\/wp-json\/wp\/v2\/tags?post=2722"}],"curies":[{"name":"wp","href":"https:\/\/api.w.org\/{rel}","templated":true}]}}