{"id":2673,"date":"2019-07-26T11:18:10","date_gmt":"2019-07-26T16:18:10","guid":{"rendered":"http:\/\/noticias.inderbu.gov.co\/?p=2673"},"modified":"2019-07-26T11:18:10","modified_gmt":"2019-07-26T16:18:10","slug":"por-partido-del-futbol-profesional-en-el-estadio-alfonso-lopez-se-posterga-celebracion-del-dia-mundial-de-la-actividad-fisica","status":"publish","type":"post","link":"https:\/\/noticias.inderbu.gov.co\/index.php\/2019\/07\/26\/por-partido-del-futbol-profesional-en-el-estadio-alfonso-lopez-se-posterga-celebracion-del-dia-mundial-de-la-actividad-fisica\/","title":{"rendered":"Por partido del f\u00fatbol profesional en el Estadio Alfonso L\u00f3pez, se posterga celebraci\u00f3n del D\u00eda Mundial de la Actividad F\u00edsica"},"content":{"rendered":"<p style=\"text-align: justify;\">El evento de celebraci\u00f3n del D\u00eda Mundial de la Actividad F\u00edsica se posterga para el s\u00e1bado 24 de agosto a las 3:00 de la tarde, siguiendo las recomendaciones de la Unidad del Riesgo.<\/p>\n<div id=\"attachment_2663\" style=\"width: 880px\" class=\"wp-caption aligncenter\"><img loading=\"lazy\" decoding=\"async\" aria-describedby=\"caption-attachment-2663\" class=\"size-full wp-image-2663\" src=\"http:\/\/noticias.inderbu.gov.co\/wp-content\/uploads\/2019\/07\/presentacion-dia-mundial-actv-fisica-2018-e1563987965945.jpg\" alt=\"\" width=\"870\" height=\"533\" \/><p id=\"caption-attachment-2663\" class=\"wp-caption-text\">Celebraci\u00f3n D\u00eda Mundial Actividad F\u00edsica Bucaramanga 2018<\/p><\/div>\n<p style=\"text-align: justify;\">En la Unidad Deportiva, para la fecha inicial, 27 de julio, se estima una concurrida asistencia al partido de la Dimayor Liga \u00c1guila 2, con el encuentro entre el Atl\u00e9tico Bucaramanga y el Millonarios; tema expuesto en el Consejo de Seguridad, donde se aconsej\u00f3 no realizar en esa fecha el evento de celebraci\u00f3n del D\u00eda Mundial de la Actividad F\u00edsica, raz\u00f3n por la cual se posterg\u00f3.<\/p>\n<p style=\"text-align: justify;\">\n<p style=\"text-align: justify;\"><strong><em>Nueva fecha de realizaci\u00f3n:<\/em><\/strong><\/p>\n<p style=\"text-align: justify;\">El evento se realizar\u00e1 el 24 de agosto en el coliseo de baloncesto Vicente D\u00edaz Romero a las 3:00 de la tarde.\u00a0 El INDERBU junto con el INDERSANTANDER invitan a ni\u00f1os, j\u00f3venes y adultos, para que vivan una tarde de actividad f\u00edsica musicalizada.\u00a0 Es una invitaci\u00f3n abierta \u00a0a la comunidad en general puesto que ser\u00e1 una divertida coreograf\u00eda con pasos sencillos f\u00e1ciles de seguir.<\/p>\n","protected":false},"excerpt":{"rendered":"<p>El evento de celebraci\u00f3n del D\u00eda Mundial de la Actividad F\u00edsica se posterga para el s\u00e1bado 24 de agosto a&#46;&#46;&#46;<\/p>\n","protected":false},"author":3,"featured_media":2663,"comment_status":"closed","ping_status":"open","sticky":false,"template":"","format":"standard","meta":{"_bbp_topic_count":0,"_bbp_reply_count":0,"_bbp_total_topic_count":0,"_bbp_total_reply_count":0,"_bbp_voice_count":0,"_bbp_anonymous_reply_count":0,"_bbp_topic_count_hidden":0,"_bbp_reply_count_hidden":0,"_bbp_forum_subforum_count":0,"footnotes":""},"categories":[6,4],"tags":[25],"class_list":["post-2673","post","type-post","status-publish","format-standard","has-post-thumbnail","hentry","category-actifisica","category-noticias","tag-actividad-fisica"],"_links":{"self":[{"href":"https:\/\/noticias.inderbu.gov.co\/index.php\/wp-json\/wp\/v2\/posts\/2673","targetHints":{"allow":["GET"]}}],"collection":[{"href":"https:\/\/noticias.inderbu.gov.co\/index.php\/wp-json\/wp\/v2\/posts"}],"about":[{"href":"https:\/\/noticias.inderbu.gov.co\/index.php\/wp-json\/wp\/v2\/types\/post"}],"author":[{"embeddable":true,"href":"https:\/\/noticias.inderbu.gov.co\/index.php\/wp-json\/wp\/v2\/users\/3"}],"replies":[{"embeddable":true,"href":"https:\/\/noticias.inderbu.gov.co\/index.php\/wp-json\/wp\/v2\/comments?post=2673"}],"version-history":[{"count":1,"href":"https:\/\/noticias.inderbu.gov.co\/index.php\/wp-json\/wp\/v2\/posts\/2673\/revisions"}],"predecessor-version":[{"id":2674,"href":"https:\/\/noticias.inderbu.gov.co\/index.php\/wp-json\/wp\/v2\/posts\/2673\/revisions\/2674"}],"wp:featuredmedia":[{"embeddable":true,"href":"https:\/\/noticias.inderbu.gov.co\/index.php\/wp-json\/wp\/v2\/media\/2663"}],"wp:attachment":[{"href":"https:\/\/noticias.inderbu.gov.co\/index.php\/wp-json\/wp\/v2\/media?parent=2673"}],"wp:term":[{"taxonomy":"category","embeddable":true,"href":"https:\/\/noticias.inderbu.gov.co\/index.php\/wp-json\/wp\/v2\/categories?post=2673"},{"taxonomy":"post_tag","embeddable":true,"href":"https:\/\/noticias.inderbu.gov.co\/index.php\/wp-json\/wp\/v2\/tags?post=2673"}],"curies":[{"name":"wp","href":"https:\/\/api.w.org\/{rel}","templated":true}]}}