{"id":2540,"date":"2019-06-17T15:16:03","date_gmt":"2019-06-17T20:16:03","guid":{"rendered":"http:\/\/noticias.inderbu.gov.co\/?p=2540"},"modified":"2019-06-17T15:16:03","modified_gmt":"2019-06-17T20:16:03","slug":"el-sueno-de-viajar-a-barcerlona-se-podria-hacer-realidad-para-un-nino-de-bucaramanga-gracias-a-los-indercolegiados-copa-milo","status":"publish","type":"post","link":"https:\/\/noticias.inderbu.gov.co\/index.php\/2019\/06\/17\/el-sueno-de-viajar-a-barcerlona-se-podria-hacer-realidad-para-un-nino-de-bucaramanga-gracias-a-los-indercolegiados-copa-milo\/","title":{"rendered":"El sue\u00f1o de viajar a Barcerlona se podr\u00eda hacer realidad para un ni\u00f1o de Bucaramanga gracias a los Indercolegiados Copa MILO\u00ae"},"content":{"rendered":"<ul>\n<li style=\"text-align: justify;\">En alianza con el Inderbu (Instituto de la Juventud el Deporte y la Recreaci\u00f3n en Bucaramanga), MILO\u00ae realiza a partir del 17 de junio la Copa MILO\u00ae en Bucaramanga<\/li>\n<li style=\"text-align: justify;\">El certamen busca seleccionar un equipo de 5 ni\u00f1os y ni\u00f1as que representar\u00e1n al pa\u00eds en la Copa de Campeones MILO\u00ae que se disputar\u00e1 en Barcelona<\/li>\n<li style=\"text-align: justify;\">El certamen contar\u00e1 con la participaci\u00f3n de 1027 ni\u00f1os distribuidos en 120 equipos<\/li>\n<\/ul>\n<div id=\"attachment_2541\" style=\"width: 881px\" class=\"wp-caption aligncenter\"><img loading=\"lazy\" decoding=\"async\" aria-describedby=\"caption-attachment-2541\" class=\"size-full wp-image-2541\" src=\"http:\/\/noticias.inderbu.gov.co\/wp-content\/uploads\/2019\/06\/INTERCOLEGIADOS-MILO-e1560800645303.jpeg\" alt=\"\" width=\"871\" height=\"653\" \/><p id=\"caption-attachment-2541\" class=\"wp-caption-text\">Lanzamiento Intercolegiados INDERBU &#8211; Copa Milo 2019.\u00a0 En la foto Andr\u00e9s Tr\u00f3chez, gerente Comunicaciones Nestl\u00e9; Germ\u00e1n Torres Prieto, alcalde (d) de Bucaramanga; Consuelo Rodr\u00edguez Gil, Directora General INDERBU; Oscar C\u00f3rdoba, entrenador Copa Milo.<\/p><\/div>\n<p style=\"text-align: justify;\"><strong>Bucaramanga 17 de junio de 2019<\/strong><\/p>\n<p style=\"text-align: justify;\">Hoy arranc\u00f3 la Copa MILO\u00ae en Bucaramanga, la cual tiene como objetivo fichar talentos de la capital de Santander que puedan sumarse a un grupo de finalistas que, gracias a sus habilidades deportivas y comportamiento \u00e9tico dentro del campo de juego, disputan un cupo de los 8 disponibles para representar al pa\u00eds en la Copa de Campeones MILO\u00ae, que se llevar\u00e1 a cabo entre julio y agosto en Barcelona en las instalaciones de la academia deportiva del equipo azulgrana.<\/p>\n<div id=\"attachment_2543\" style=\"width: 881px\" class=\"wp-caption aligncenter\"><img loading=\"lazy\" decoding=\"async\" aria-describedby=\"caption-attachment-2543\" class=\"size-full wp-image-2543\" src=\"http:\/\/noticias.inderbu.gov.co\/wp-content\/uploads\/2019\/06\/COPA-MILO-INDERBU-INTERCOLEGIADOS-e1560802363141.jpeg\" alt=\"\" width=\"871\" height=\"653\" \/><p id=\"caption-attachment-2543\" class=\"wp-caption-text\">Lanzamiento Intercolegiados Copa Milo. Ni\u00f1os colegio Francisco de Paula Santander.<\/p><\/div>\n<p style=\"text-align: justify;\">El grupo de ni\u00f1os que viaje a representar el pa\u00eds, adem\u00e1s de vivir una experiencia \u00fanica jugando en campos en donde estrellas del f\u00fatbol mundial como Lionel Messi, Neymar, Thierry Henry y Ronaldinho tambi\u00e9n lo han hecho,\u00a0 podr\u00e1n compartir con ni\u00f1os de diferentes partes del mundo que buscar\u00e1n llevar el trofeo de campeones a su pa\u00eds.<\/p>\n<p style=\"text-align: justify;\"><em>\u2018\u2018Desde MILO\u00ae queremos reafirmar nuestro compromiso con los ni\u00f1os del pa\u00eds, promoviendo el deporte, el trabajo en equipo, la disciplina, el juego limpio y un estilo de vida saludable mediante este tipo de alianzas que llevan a estos peque\u00f1os a vivir experiencias inolvidables para sus vidas\u2019\u2019<\/em>, afirm\u00f3 Andr\u00e9s Tr\u00f3chez, gerente de Comunicaciones de Nestl\u00e9.<\/p>\n<p style=\"text-align: justify;\">Por su parte, teniendo en cuenta la apuesta y compromiso institucional para fomentar el deporte en Bucaramanga, <em><strong>Consuelo Rodr\u00edguez Gil<\/strong><\/em>, directora del Inderbu afirm\u00f3 \u201cBucaramanga ha reportado ante Coldeportes un total de 7.812 deportistas inscritos en las categor\u00edas de Iniciaci\u00f3n, Pre infantil, Infantil, Prejuvenil y Juvenil, quienes participan durante el a\u00f1o en 30 disciplinas deportivas, de los cuales, <strong>300 ni\u00f1os<\/strong>\u00a0categor\u00eda infantil de 20 colegios participar\u00e1n en el torneo de f\u00fatbol 8 sub 12, grupo objetivo para el fichaje de la COPA MILO\u201d.<\/p>\n<p style=\"text-align: justify;\">El equipo de ocho jugadores, que representar\u00e1 a Colombia en Barcelona, se conformar\u00e1 con los cinco mejores participantes\u00a0 de la COPA MILO\u00ae que se disputa en cinco ciudades en todo el pa\u00eds y, con tres ni\u00f1os, que ser\u00e1n seleccionados a partir de una promoci\u00f3n que lanz\u00f3 la marca el pasado 15 de mayo (<a href=\"https:\/\/www.milo.com.co\/site\/barcelona\/public\/como-participar\">https:\/\/www.milo.com.co\/site\/barcelona\/public\/como-participar<\/a>).<\/p>\n<p style=\"text-align: justify;\"><strong>UN ENTRENADOR DE TALLA MUNDIAL<\/strong><\/p>\n<p style=\"text-align: justify;\">El equipo nacional que se defina de la COPA MILO\u00ae y de la promoci\u00f3n, ser\u00e1 entrenado y dirigido por la leyenda del f\u00fatbol colombiano, \u00d3scar C\u00f3rdoba. El ex portero de la Selecci\u00f3n Colombia tendr\u00e1 la oportunidad de conocer y entrenar a los talentos locales seleccionados previo al viaje a Barcelona, con el objetivo de traer el trofeo a Colombia.<\/p>\n<p><img loading=\"lazy\" decoding=\"async\" class=\"size-full wp-image-2542 aligncenter\" src=\"http:\/\/noticias.inderbu.gov.co\/wp-content\/uploads\/2019\/06\/INTER-MILO-CAMISETAS-OSCAR-e1560801529862.jpeg\" alt=\"\" width=\"871\" height=\"653\" \/><\/p>\n<p style=\"text-align: justify;\"><strong>SOBRE LA COPA MILO\u00ae<\/strong><\/p>\n<p style=\"text-align: justify;\">La COPA MILO\u00ae es la apuesta por el compromiso de Nestl\u00e9 y su marca MILO\u00ae para fomentar la actividad f\u00edsica y la adopci\u00f3n de estilos de vida saludable desde la infancia, as\u00ed como impulsar valores como el trabajo en equipo.<\/p>\n<p style=\"text-align: justify;\"><strong>El torneo cuenta con tres categor\u00edas: Mini f\u00fatbol sala, Pre Juvenil y Juvenil y se realiza en cuatro ciudades principales del pa\u00eds: Bogot\u00e1, Medell\u00edn, Barranquilla, Cali y Bucaramanga en donde se espera que cerca de 600 equipos participantes, que incluye equipos femeninos y masculinos, compitan en esta actividad que fomenta los valores como el liderazgo, el trabajo en equipo y la disciplina entre los ni\u00f1os de Colombia.<\/strong><\/p>\n","protected":false},"excerpt":{"rendered":"<p>En alianza con el Inderbu (Instituto de la Juventud el Deporte y la Recreaci\u00f3n en Bucaramanga), MILO\u00ae realiza a partir&#46;&#46;&#46;<\/p>\n","protected":false},"author":3,"featured_media":2541,"comment_status":"closed","ping_status":"open","sticky":false,"template":"","format":"standard","meta":{"_bbp_topic_count":0,"_bbp_reply_count":0,"_bbp_total_topic_count":0,"_bbp_total_reply_count":0,"_bbp_voice_count":0,"_bbp_anonymous_reply_count":0,"_bbp_topic_count_hidden":0,"_bbp_reply_count_hidden":0,"_bbp_forum_subforum_count":0,"footnotes":""},"categories":[5,44,4],"tags":[81],"class_list":["post-2540","post","type-post","status-publish","format-standard","has-post-thumbnail","hentry","category-formaciond","category-intercolegiados","category-noticias","tag-juegos-intercolegiados-superate"],"_links":{"self":[{"href":"https:\/\/noticias.inderbu.gov.co\/index.php\/wp-json\/wp\/v2\/posts\/2540","targetHints":{"allow":["GET"]}}],"collection":[{"href":"https:\/\/noticias.inderbu.gov.co\/index.php\/wp-json\/wp\/v2\/posts"}],"about":[{"href":"https:\/\/noticias.inderbu.gov.co\/index.php\/wp-json\/wp\/v2\/types\/post"}],"author":[{"embeddable":true,"href":"https:\/\/noticias.inderbu.gov.co\/index.php\/wp-json\/wp\/v2\/users\/3"}],"replies":[{"embeddable":true,"href":"https:\/\/noticias.inderbu.gov.co\/index.php\/wp-json\/wp\/v2\/comments?post=2540"}],"version-history":[{"count":1,"href":"https:\/\/noticias.inderbu.gov.co\/index.php\/wp-json\/wp\/v2\/posts\/2540\/revisions"}],"predecessor-version":[{"id":2544,"href":"https:\/\/noticias.inderbu.gov.co\/index.php\/wp-json\/wp\/v2\/posts\/2540\/revisions\/2544"}],"wp:featuredmedia":[{"embeddable":true,"href":"https:\/\/noticias.inderbu.gov.co\/index.php\/wp-json\/wp\/v2\/media\/2541"}],"wp:attachment":[{"href":"https:\/\/noticias.inderbu.gov.co\/index.php\/wp-json\/wp\/v2\/media?parent=2540"}],"wp:term":[{"taxonomy":"category","embeddable":true,"href":"https:\/\/noticias.inderbu.gov.co\/index.php\/wp-json\/wp\/v2\/categories?post=2540"},{"taxonomy":"post_tag","embeddable":true,"href":"https:\/\/noticias.inderbu.gov.co\/index.php\/wp-json\/wp\/v2\/tags?post=2540"}],"curies":[{"name":"wp","href":"https:\/\/api.w.org\/{rel}","templated":true}]}}