{"id":2445,"date":"2019-04-24T15:23:20","date_gmt":"2019-04-24T20:23:20","guid":{"rendered":"http:\/\/noticias.inderbu.gov.co\/?p=2445"},"modified":"2019-04-24T15:23:20","modified_gmt":"2019-04-24T20:23:20","slug":"ciclopaseo-urbano-nocturno-por-la-ninez","status":"publish","type":"post","link":"https:\/\/noticias.inderbu.gov.co\/index.php\/2019\/04\/24\/ciclopaseo-urbano-nocturno-por-la-ninez\/","title":{"rendered":"Ciclopaseo Urbano Nocturno por la Ni\u00f1ez"},"content":{"rendered":"<p style=\"text-align: justify;\">Este jueves 25 de abril el Ciclopaseo Urbano Nocturno es por la Ni\u00f1ez de Bucaramanga.<\/p>\n<div id=\"attachment_2446\" style=\"width: 730px\" class=\"wp-caption alignnone\"><img loading=\"lazy\" decoding=\"async\" aria-describedby=\"caption-attachment-2446\" class=\"size-full wp-image-2446\" src=\"http:\/\/noticias.inderbu.gov.co\/wp-content\/uploads\/2019\/04\/CICLOPASEO-POR-LA-NIN\u0303EZ.jpeg\" alt=\"\" width=\"720\" height=\"791\" srcset=\"https:\/\/noticias.inderbu.gov.co\/wp-content\/uploads\/2019\/04\/CICLOPASEO-POR-LA-NIN\u0303EZ.jpeg 720w, https:\/\/noticias.inderbu.gov.co\/wp-content\/uploads\/2019\/04\/CICLOPASEO-POR-LA-NIN\u0303EZ-273x300.jpeg 273w\" sizes=\"auto, (max-width: 720px) 100vw, 720px\" \/><p id=\"caption-attachment-2446\" class=\"wp-caption-text\">Recorrido Ciclopaseo Urbano Nocturno de abril<\/p><\/div>\n<p style=\"text-align: justify;\">En el mes de los ni\u00f1os, la alcald\u00eda de Bucaramanga a trav\u00e9s del INDERBU y la oficina de la Bicicleta, invitan a los bumangueses a participar en el Ciclopaseo Urbano Nocturno del \u00faltimo jueves del mes, recorriendo 11 kil\u00f3metros por las principales v\u00edas de la ciudad.<\/p>\n<p style=\"text-align: justify;\">\n<p style=\"text-align: justify;\">Podr\u00e1n participar ni\u00f1os desde los 12 a\u00f1os, en el recorrido que inicia a las 6:30 en la calle 30 del parque de Los Ni\u00f1os; sube por al calle 32 hasta la carrera 28, calle 36, carrera 32, calle 41, carrera 29, parque de Las Palmas, carrera 29, calle 45, carrera 25, calle 39, carrera 19, calle 36, parque Garc\u00eda Rovira, calle 35, carrera 9, viaducto Provincial, calle 55, avenida Los B\u00facaros, Plaza Mayor, carrera 12, parque de las Cigarras, calle 61, carrera 17, calle 33, carrera 23, calle 30 y finaliza en el punto de encuentro, el parque de Los Ni\u00f1os.<\/p>\n","protected":false},"excerpt":{"rendered":"<p>Este jueves 25 de abril el Ciclopaseo Urbano Nocturno es por la Ni\u00f1ez de Bucaramanga. En el mes de los&#46;&#46;&#46;<\/p>\n","protected":false},"author":3,"featured_media":2447,"comment_status":"closed","ping_status":"open","sticky":false,"template":"","format":"standard","meta":{"_bbp_topic_count":0,"_bbp_reply_count":0,"_bbp_total_topic_count":0,"_bbp_total_reply_count":0,"_bbp_voice_count":0,"_bbp_anonymous_reply_count":0,"_bbp_topic_count_hidden":0,"_bbp_reply_count_hidden":0,"_bbp_forum_subforum_count":0,"footnotes":""},"categories":[6,4],"tags":[59],"class_list":["post-2445","post","type-post","status-publish","format-standard","has-post-thumbnail","hentry","category-actifisica","category-noticias","tag-ciclopaseos-urbanos-nocturnos"],"_links":{"self":[{"href":"https:\/\/noticias.inderbu.gov.co\/index.php\/wp-json\/wp\/v2\/posts\/2445","targetHints":{"allow":["GET"]}}],"collection":[{"href":"https:\/\/noticias.inderbu.gov.co\/index.php\/wp-json\/wp\/v2\/posts"}],"about":[{"href":"https:\/\/noticias.inderbu.gov.co\/index.php\/wp-json\/wp\/v2\/types\/post"}],"author":[{"embeddable":true,"href":"https:\/\/noticias.inderbu.gov.co\/index.php\/wp-json\/wp\/v2\/users\/3"}],"replies":[{"embeddable":true,"href":"https:\/\/noticias.inderbu.gov.co\/index.php\/wp-json\/wp\/v2\/comments?post=2445"}],"version-history":[{"count":1,"href":"https:\/\/noticias.inderbu.gov.co\/index.php\/wp-json\/wp\/v2\/posts\/2445\/revisions"}],"predecessor-version":[{"id":2448,"href":"https:\/\/noticias.inderbu.gov.co\/index.php\/wp-json\/wp\/v2\/posts\/2445\/revisions\/2448"}],"wp:featuredmedia":[{"embeddable":true,"href":"https:\/\/noticias.inderbu.gov.co\/index.php\/wp-json\/wp\/v2\/media\/2447"}],"wp:attachment":[{"href":"https:\/\/noticias.inderbu.gov.co\/index.php\/wp-json\/wp\/v2\/media?parent=2445"}],"wp:term":[{"taxonomy":"category","embeddable":true,"href":"https:\/\/noticias.inderbu.gov.co\/index.php\/wp-json\/wp\/v2\/categories?post=2445"},{"taxonomy":"post_tag","embeddable":true,"href":"https:\/\/noticias.inderbu.gov.co\/index.php\/wp-json\/wp\/v2\/tags?post=2445"}],"curies":[{"name":"wp","href":"https:\/\/api.w.org\/{rel}","templated":true}]}}