{"id":2393,"date":"2019-03-15T16:08:53","date_gmt":"2019-03-15T21:08:53","guid":{"rendered":"http:\/\/noticias.inderbu.gov.co\/?p=2393"},"modified":"2019-03-15T16:10:37","modified_gmt":"2019-03-15T21:10:37","slug":"evento-para-mascotas-este-domingo-en-la-recreovia","status":"publish","type":"post","link":"https:\/\/noticias.inderbu.gov.co\/index.php\/2019\/03\/15\/evento-para-mascotas-este-domingo-en-la-recreovia\/","title":{"rendered":"Evento para mascotas este domingo en la Recreov\u00eda"},"content":{"rendered":"<p><strong><em>Este domingo 17 de marzo, en el parque de Los Ni\u00f1os, se realizar\u00e1 una feria de servicios para las mascotas.\u00a0 <\/em><\/strong><\/p>\n<div id=\"attachment_2394\" style=\"width: 824px\" class=\"wp-caption alignnone\"><img loading=\"lazy\" decoding=\"async\" aria-describedby=\"caption-attachment-2394\" class=\"size-full wp-image-2394\" src=\"http:\/\/noticias.inderbu.gov.co\/wp-content\/uploads\/2019\/03\/FERIA-MOMO.jpeg\" alt=\"\" width=\"814\" height=\"1280\" srcset=\"https:\/\/noticias.inderbu.gov.co\/wp-content\/uploads\/2019\/03\/FERIA-MOMO.jpeg 814w, https:\/\/noticias.inderbu.gov.co\/wp-content\/uploads\/2019\/03\/FERIA-MOMO-191x300.jpeg 191w, https:\/\/noticias.inderbu.gov.co\/wp-content\/uploads\/2019\/03\/FERIA-MOMO-768x1208.jpeg 768w, https:\/\/noticias.inderbu.gov.co\/wp-content\/uploads\/2019\/03\/FERIA-MOMO-651x1024.jpeg 651w\" sizes=\"auto, (max-width: 814px) 100vw, 814px\" \/><p id=\"caption-attachment-2394\" class=\"wp-caption-text\">Evento de mascotas en la Recreov\u00eda<\/p><\/div>\n<p style=\"text-align: justify;\">En la Recreov\u00eda del INDERBU, los buamanguses disfrutan de un trayecto en la carrera 27, desde la calle 10 hasta la 45, para correr, caminar, trotar, montar bicicleta o patines en compa\u00f1\u00eda de la familia y amigos, incluidas las mascotas; por ello, abrimos espacios de servicio para estos importantes integrantes de las familias.<\/p>\n<p style=\"text-align: justify;\">Desde las 8:00 de la ma\u00f1ana y hasta el mediod\u00eda, se realizar\u00e1 la feria que incluye stands de pautas de adiestramiento, alimentaci\u00f3n, adopci\u00f3n, belleza, cuidados de la salud y secci\u00f3n comercial.\u00a0 As\u00ed mismo se disfrutar\u00e1 de un show canino a cargo del Ej\u00e9rcito Nacional, concursos, sorpresas y premios para las mascotas participantes<\/p>\n<p style=\"text-align: justify;\"><span style=\"font-size: 18pt;\"><strong><em>Fomento de cultura ciudadana<\/em><\/strong><\/span><\/p>\n<p style=\"text-align: justify;\"><em>En la Recreov\u00eda tambi\u00e9n se fomenta la cultura ciudadana y el cuidado del espacio p\u00fablico.\u00a0 Por ello, se realiza tambi\u00e9n la campa\u00f1a de concientizaci\u00f3n <strong>\u201cResponsabilidad con mi mascota\u201d,<\/strong> fomentando la recolecci\u00f3n de desperdicios que tambi\u00e9n est\u00e1 contemplada en el c\u00f3digo de polic\u00eda. \u00a0<\/em><\/p>\n<p style=\"text-align: justify;\">Con deporte, recreaci\u00f3n y aprovechamiento del tiempo libre mediante actividades que fomentan los h\u00e1bitos y estilos de vida saludables, en el INDERBU #ConstruimosFelicidad.<\/p>\n","protected":false},"excerpt":{"rendered":"<p>Este domingo 17 de marzo, en el parque de Los Ni\u00f1os, se realizar\u00e1 una feria de servicios para las mascotas.\u00a0&#46;&#46;&#46;<\/p>\n","protected":false},"author":3,"featured_media":2395,"comment_status":"closed","ping_status":"open","sticky":false,"template":"","format":"standard","meta":{"_bbp_topic_count":0,"_bbp_reply_count":0,"_bbp_total_topic_count":0,"_bbp_total_reply_count":0,"_bbp_voice_count":0,"_bbp_anonymous_reply_count":0,"_bbp_topic_count_hidden":0,"_bbp_reply_count_hidden":0,"_bbp_forum_subforum_count":0,"footnotes":""},"categories":[6,4,8],"tags":[61],"class_list":["post-2393","post","type-post","status-publish","format-standard","has-post-thumbnail","hentry","category-actifisica","category-noticias","category-recreacion","tag-recreovias-inderbu"],"_links":{"self":[{"href":"https:\/\/noticias.inderbu.gov.co\/index.php\/wp-json\/wp\/v2\/posts\/2393","targetHints":{"allow":["GET"]}}],"collection":[{"href":"https:\/\/noticias.inderbu.gov.co\/index.php\/wp-json\/wp\/v2\/posts"}],"about":[{"href":"https:\/\/noticias.inderbu.gov.co\/index.php\/wp-json\/wp\/v2\/types\/post"}],"author":[{"embeddable":true,"href":"https:\/\/noticias.inderbu.gov.co\/index.php\/wp-json\/wp\/v2\/users\/3"}],"replies":[{"embeddable":true,"href":"https:\/\/noticias.inderbu.gov.co\/index.php\/wp-json\/wp\/v2\/comments?post=2393"}],"version-history":[{"count":3,"href":"https:\/\/noticias.inderbu.gov.co\/index.php\/wp-json\/wp\/v2\/posts\/2393\/revisions"}],"predecessor-version":[{"id":2398,"href":"https:\/\/noticias.inderbu.gov.co\/index.php\/wp-json\/wp\/v2\/posts\/2393\/revisions\/2398"}],"wp:featuredmedia":[{"embeddable":true,"href":"https:\/\/noticias.inderbu.gov.co\/index.php\/wp-json\/wp\/v2\/media\/2395"}],"wp:attachment":[{"href":"https:\/\/noticias.inderbu.gov.co\/index.php\/wp-json\/wp\/v2\/media?parent=2393"}],"wp:term":[{"taxonomy":"category","embeddable":true,"href":"https:\/\/noticias.inderbu.gov.co\/index.php\/wp-json\/wp\/v2\/categories?post=2393"},{"taxonomy":"post_tag","embeddable":true,"href":"https:\/\/noticias.inderbu.gov.co\/index.php\/wp-json\/wp\/v2\/tags?post=2393"}],"curies":[{"name":"wp","href":"https:\/\/api.w.org\/{rel}","templated":true}]}}