{"id":233,"date":"2017-11-07T13:01:52","date_gmt":"2017-11-07T18:01:52","guid":{"rendered":"http:\/\/noticias.inderbu.gov.co\/?p=233"},"modified":"2017-11-08T13:05:15","modified_gmt":"2017-11-08T18:05:15","slug":"participa-en-la-invitacion-publica-para-alquilar-sonidos","status":"publish","type":"post","link":"https:\/\/noticias.inderbu.gov.co\/index.php\/2017\/11\/07\/participa-en-la-invitacion-publica-para-alquilar-sonidos\/","title":{"rendered":"PARTICIPA EN LA INVITACION PUBLICA PARA ALQUILAR SONIDOS"},"content":{"rendered":"<p style=\"text-align: center;\"><strong>INVITACI\u00d3N P\u00daBLICA PARA ALQUILER DE EQUIPOS DE SONIDO\u00a0\u00a0 <\/strong><\/p>\n<div id=\"attachment_234\" style=\"width: 881px\" class=\"wp-caption alignnone\"><img loading=\"lazy\" decoding=\"async\" aria-describedby=\"caption-attachment-234\" class=\"size-full wp-image-234\" src=\"http:\/\/noticias.inderbu.gov.co\/wp-content\/uploads\/2017\/11\/PROM-alquiler-sonido-e1510164201536.jpg\" alt=\"\" width=\"871\" height=\"490\" \/><p id=\"caption-attachment-234\" class=\"wp-caption-text\">ALQUILER SONIDO PARQUES SALUDABLES<\/p><\/div>\n<p style=\"text-align: justify;\">El Instituto de la Juventud, el Deporte y la Recreaci\u00f3n de Bucaramanga \u2013 INDERBU adelanta la invitaci\u00f3n p\u00fablica n\u00famero ((IPMC# 015-2017) con el prop\u00f3sito de alquilar equipos de sonido para el desarrollo del convenio interadministrativo 223 de 2017 suscrito entre el INDERBU y la secretar\u00eda de Salud y Ambiente del municipio.<\/p>\n<p style=\"text-align: justify;\">Inicio del plazo para presentar propuestas: <strong>noviembre 8 de 2017 a las 08:00 am<\/strong><\/p>\n<p style=\"text-align: justify;\">Cierre del proceso:<strong> noviembre 9 de 2017 a las 10:00 am <\/strong><\/p>\n<p style=\"text-align: justify;\">Presupuesto: <strong>DIECIOCHO MILLONES QUINIENTOS TREINTA Y CUATRO MIL DOCIENTOS CINCUENTA PESOS M\/TE ($18, 534,250 IVA INCLUIDO TODO INCLUIDO.<\/strong><\/p>\n<p style=\"text-align: justify;\">Link del proceso<\/p>\n<p style=\"text-align: justify;\"><a href=\"https:\/\/www.contratos.gov.co\/consultas\/detalleProceso.do?numConstancia=17-13-7258483\">https:\/\/www.contratos.gov.co\/consultas\/detalleProceso.do?numConstancia=17-13-7258483<\/a><\/p>\n","protected":false},"excerpt":{"rendered":"<p>INVITACI\u00d3N P\u00daBLICA PARA ALQUILER DE EQUIPOS DE SONIDO\u00a0\u00a0 El Instituto de la Juventud, el Deporte y la Recreaci\u00f3n de Bucaramanga&#46;&#46;&#46;<\/p>\n","protected":false},"author":3,"featured_media":234,"comment_status":"open","ping_status":"open","sticky":false,"template":"","format":"standard","meta":{"_bbp_topic_count":0,"_bbp_reply_count":0,"_bbp_total_topic_count":0,"_bbp_total_reply_count":0,"_bbp_voice_count":0,"_bbp_anonymous_reply_count":0,"_bbp_topic_count_hidden":0,"_bbp_reply_count_hidden":0,"_bbp_forum_subforum_count":0,"footnotes":""},"categories":[6,4],"tags":[],"class_list":["post-233","post","type-post","status-publish","format-standard","has-post-thumbnail","hentry","category-actifisica","category-noticias"],"_links":{"self":[{"href":"https:\/\/noticias.inderbu.gov.co\/index.php\/wp-json\/wp\/v2\/posts\/233","targetHints":{"allow":["GET"]}}],"collection":[{"href":"https:\/\/noticias.inderbu.gov.co\/index.php\/wp-json\/wp\/v2\/posts"}],"about":[{"href":"https:\/\/noticias.inderbu.gov.co\/index.php\/wp-json\/wp\/v2\/types\/post"}],"author":[{"embeddable":true,"href":"https:\/\/noticias.inderbu.gov.co\/index.php\/wp-json\/wp\/v2\/users\/3"}],"replies":[{"embeddable":true,"href":"https:\/\/noticias.inderbu.gov.co\/index.php\/wp-json\/wp\/v2\/comments?post=233"}],"version-history":[{"count":1,"href":"https:\/\/noticias.inderbu.gov.co\/index.php\/wp-json\/wp\/v2\/posts\/233\/revisions"}],"predecessor-version":[{"id":235,"href":"https:\/\/noticias.inderbu.gov.co\/index.php\/wp-json\/wp\/v2\/posts\/233\/revisions\/235"}],"wp:featuredmedia":[{"embeddable":true,"href":"https:\/\/noticias.inderbu.gov.co\/index.php\/wp-json\/wp\/v2\/media\/234"}],"wp:attachment":[{"href":"https:\/\/noticias.inderbu.gov.co\/index.php\/wp-json\/wp\/v2\/media?parent=233"}],"wp:term":[{"taxonomy":"category","embeddable":true,"href":"https:\/\/noticias.inderbu.gov.co\/index.php\/wp-json\/wp\/v2\/categories?post=233"},{"taxonomy":"post_tag","embeddable":true,"href":"https:\/\/noticias.inderbu.gov.co\/index.php\/wp-json\/wp\/v2\/tags?post=233"}],"curies":[{"name":"wp","href":"https:\/\/api.w.org\/{rel}","templated":true}]}}