{"id":2233,"date":"2018-12-20T12:50:33","date_gmt":"2018-12-20T17:50:33","guid":{"rendered":"http:\/\/noticias.inderbu.gov.co\/?p=2233"},"modified":"2018-12-20T12:50:33","modified_gmt":"2018-12-20T17:50:33","slug":"participacion-ciudadana-en-la-rendicion-de-cuentas-del-inderbu","status":"publish","type":"post","link":"https:\/\/noticias.inderbu.gov.co\/index.php\/2018\/12\/20\/participacion-ciudadana-en-la-rendicion-de-cuentas-del-inderbu\/","title":{"rendered":"Participaci\u00f3n ciudadana en la Rendici\u00f3n de Cuentas del INDERBU"},"content":{"rendered":"<p style=\"text-align: justify;\"><strong>Satisfactoriamente se realiz\u00f3 el evento de Rendici\u00f3n de Cuentas del INDERBU el pasado 17 de diciembre, en el sal\u00f3n de medios del Coliseo Bicentenario; contando con transmisi\u00f3n en vivo por Facebook Live.<\/strong><\/p>\n<div id=\"attachment_2234\" style=\"width: 871px\" class=\"wp-caption alignnone\"><img loading=\"lazy\" decoding=\"async\" aria-describedby=\"caption-attachment-2234\" class=\"size-full wp-image-2234\" src=\"http:\/\/noticias.inderbu.gov.co\/wp-content\/uploads\/2018\/12\/RENDICION-CUENTA-2018-web-nota.jpg\" alt=\"\" width=\"861\" height=\"574\" srcset=\"https:\/\/noticias.inderbu.gov.co\/wp-content\/uploads\/2018\/12\/RENDICION-CUENTA-2018-web-nota.jpg 861w, https:\/\/noticias.inderbu.gov.co\/wp-content\/uploads\/2018\/12\/RENDICION-CUENTA-2018-web-nota-300x200.jpg 300w, https:\/\/noticias.inderbu.gov.co\/wp-content\/uploads\/2018\/12\/RENDICION-CUENTA-2018-web-nota-768x512.jpg 768w\" sizes=\"auto, (max-width: 861px) 100vw, 861px\" \/><p id=\"caption-attachment-2234\" class=\"wp-caption-text\">Rendici\u00f3n de Cuentas INDERBU 2018<\/p><\/div>\n<p style=\"text-align: justify;\"><strong>\u00a0<\/strong><\/p>\n<p style=\"text-align: justify;\">Se cont\u00f3 con la presencia de l\u00edderes deportivos, presidentes de juntas de acci\u00f3n comunal, l\u00edderes comunitarios, juveniles,\u00a0 deportistas y comunidad en general, quienes participaron preguntando y opinando sobre la gesti\u00f3n realizada por la directora general Consuelo Rodr\u00edguez Gil, junto a los subdirectores y jefes de \u00e1reas.<\/p>\n<p style=\"text-align: justify;\"><strong>Facebook Live<\/strong><\/p>\n<p style=\"text-align: justify;\">Se utilizaron otras herramientas de participaci\u00f3n y conexi\u00f3n ciudadana como la publicaci\u00f3n previa en Facebook del video del Informe de Gesti\u00f3n con 2.304 personas alcanzadas, as\u00ed como la Transmisi\u00f3n en vivo a trav\u00e9s de Facebook Live con un alcance de 2.149 personas, para un total de <strong>4.450<\/strong> personas a las que se lleg\u00f3 con informaci\u00f3n de Rendici\u00f3n P\u00fablica de Cuentas del INDERBU.<\/p>\n<div id=\"attachment_2235\" style=\"width: 961px\" class=\"wp-caption alignnone\"><img loading=\"lazy\" decoding=\"async\" aria-describedby=\"caption-attachment-2235\" class=\"size-full wp-image-2235\" src=\"http:\/\/noticias.inderbu.gov.co\/wp-content\/uploads\/2018\/12\/RENDICION-CTAS-DRA-CONSUELO..png\" alt=\"\" width=\"951\" height=\"642\" srcset=\"https:\/\/noticias.inderbu.gov.co\/wp-content\/uploads\/2018\/12\/RENDICION-CTAS-DRA-CONSUELO..png 951w, https:\/\/noticias.inderbu.gov.co\/wp-content\/uploads\/2018\/12\/RENDICION-CTAS-DRA-CONSUELO.-300x203.png 300w, https:\/\/noticias.inderbu.gov.co\/wp-content\/uploads\/2018\/12\/RENDICION-CTAS-DRA-CONSUELO.-768x518.png 768w\" sizes=\"auto, (max-width: 951px) 100vw, 951px\" \/><p id=\"caption-attachment-2235\" class=\"wp-caption-text\">Transmisi\u00f3n en vivo por Facebook Live<\/p><\/div>\n<p>&nbsp;<\/p>\n<p style=\"text-align: justify;\">Durante la transmisi\u00f3n en vivo se cont\u00f3 con 761 reproducciones del video, 290 interacciones con reacciones, comentarios y veces que fue compartido el contenido explicativo sobre la ejecuci\u00f3n de los diferentes programas y proyectos juveniles, deportivos y recreativos para diferentes grupos poblacionales de Bucaramanga.<\/p>\n","protected":false},"excerpt":{"rendered":"<p>Satisfactoriamente se realiz\u00f3 el evento de Rendici\u00f3n de Cuentas del INDERBU el pasado 17 de diciembre, en el sal\u00f3n de&#46;&#46;&#46;<\/p>\n","protected":false},"author":3,"featured_media":2234,"comment_status":"closed","ping_status":"open","sticky":false,"template":"","format":"standard","meta":{"_bbp_topic_count":0,"_bbp_reply_count":0,"_bbp_total_topic_count":0,"_bbp_total_reply_count":0,"_bbp_voice_count":0,"_bbp_anonymous_reply_count":0,"_bbp_topic_count_hidden":0,"_bbp_reply_count_hidden":0,"_bbp_forum_subforum_count":0,"footnotes":""},"categories":[9,4],"tags":[63,60],"class_list":["post-2233","post","type-post","status-publish","format-standard","has-post-thumbnail","hentry","category-direccion","category-noticias","tag-gestion-inderbu","tag-rendicion-de-cuentas"],"_links":{"self":[{"href":"https:\/\/noticias.inderbu.gov.co\/index.php\/wp-json\/wp\/v2\/posts\/2233","targetHints":{"allow":["GET"]}}],"collection":[{"href":"https:\/\/noticias.inderbu.gov.co\/index.php\/wp-json\/wp\/v2\/posts"}],"about":[{"href":"https:\/\/noticias.inderbu.gov.co\/index.php\/wp-json\/wp\/v2\/types\/post"}],"author":[{"embeddable":true,"href":"https:\/\/noticias.inderbu.gov.co\/index.php\/wp-json\/wp\/v2\/users\/3"}],"replies":[{"embeddable":true,"href":"https:\/\/noticias.inderbu.gov.co\/index.php\/wp-json\/wp\/v2\/comments?post=2233"}],"version-history":[{"count":1,"href":"https:\/\/noticias.inderbu.gov.co\/index.php\/wp-json\/wp\/v2\/posts\/2233\/revisions"}],"predecessor-version":[{"id":2236,"href":"https:\/\/noticias.inderbu.gov.co\/index.php\/wp-json\/wp\/v2\/posts\/2233\/revisions\/2236"}],"wp:featuredmedia":[{"embeddable":true,"href":"https:\/\/noticias.inderbu.gov.co\/index.php\/wp-json\/wp\/v2\/media\/2234"}],"wp:attachment":[{"href":"https:\/\/noticias.inderbu.gov.co\/index.php\/wp-json\/wp\/v2\/media?parent=2233"}],"wp:term":[{"taxonomy":"category","embeddable":true,"href":"https:\/\/noticias.inderbu.gov.co\/index.php\/wp-json\/wp\/v2\/categories?post=2233"},{"taxonomy":"post_tag","embeddable":true,"href":"https:\/\/noticias.inderbu.gov.co\/index.php\/wp-json\/wp\/v2\/tags?post=2233"}],"curies":[{"name":"wp","href":"https:\/\/api.w.org\/{rel}","templated":true}]}}