{"id":2115,"date":"2018-11-15T17:58:47","date_gmt":"2018-11-15T22:58:47","guid":{"rendered":"http:\/\/noticias.inderbu.gov.co\/?p=2115"},"modified":"2018-11-16T16:16:21","modified_gmt":"2018-11-16T21:16:21","slug":"festival-escuelas-de-formacion-deportiva-del-inderbu","status":"publish","type":"post","link":"https:\/\/noticias.inderbu.gov.co\/index.php\/2018\/11\/15\/festival-escuelas-de-formacion-deportiva-del-inderbu\/","title":{"rendered":"Festival Escuelas de Formaci\u00f3n Deportiva del INDERBU"},"content":{"rendered":"<p><strong>Este s\u00e1bado 17 de noviembre el INDERBU realizar\u00e1 el \u201cFestival de Escuelas de Formaci\u00f3n Deportiva\u201d en el parque Recrear del Mutis desde las 8:00 de la ma\u00f1ana hasta las 12:00 del mediod\u00eda. <\/strong><\/p>\n<p><strong>\u00a0<\/strong><\/p>\n<div id=\"attachment_1497\" style=\"width: 881px\" class=\"wp-caption alignnone\"><img loading=\"lazy\" decoding=\"async\" aria-describedby=\"caption-attachment-1497\" class=\"size-full wp-image-1497\" src=\"http:\/\/noticias.inderbu.gov.co\/wp-content\/uploads\/2018\/07\/ni\u00f1os-en-festival-tenis-e1531846783809.jpeg\" alt=\"\" width=\"871\" height=\"403\" \/><p id=\"caption-attachment-1497\" class=\"wp-caption-text\">Ni\u00f1os de Escuela del INDERBU<\/p><\/div>\n<p>Se realizar\u00e1n cinco bases o estaciones deportivas simult\u00e1neas, para los ni\u00f1os que durante todo el a\u00f1o se han beneficiado con el programa de Escuelas de Formaci\u00f3n Deportiva del INDERBU.<\/p>\n<p>&nbsp;<\/p>\n<ul>\n<li><strong>1\u00aa base, deportes de combate: <\/strong><\/li>\n<li>Taekwondo, judo, karate do y lucha; evidenciando los avances y desarrollo en la formaci\u00f3n deportiva de los ni\u00f1os.<\/li>\n<\/ul>\n\n\t\t<style>\n\t\t\t#gallery-1 {\n\t\t\t\tmargin: auto;\n\t\t\t}\n\t\t\t#gallery-1 .gallery-item {\n\t\t\t\tfloat: left;\n\t\t\t\tmargin-top: 10px;\n\t\t\t\ttext-align: center;\n\t\t\t\twidth: 50%;\n\t\t\t}\n\t\t\t#gallery-1 img {\n\t\t\t\tborder: 2px solid #cfcfcf;\n\t\t\t}\n\t\t\t#gallery-1 .gallery-caption {\n\t\t\t\tmargin-left: 0;\n\t\t\t}\n\t\t\t\/* see gallery_shortcode() in wp-includes\/media.php *\/\n\t\t<\/style>\n\t\t<div id='gallery-1' class='gallery galleryid-2115 gallery-columns-2 gallery-size-medium'><dl class='gallery-item'>\n\t\t\t<dt class='gallery-icon landscape'>\n\t\t\t\t<a href='https:\/\/noticias.inderbu.gov.co\/index.php\/2018\/05\/29\/oro-suramericano-para-yadinis-amaris-rocha-entrenadora-de-escuelas-de-formacion-deportiva-del-inderbu\/judo-inderbu-yadinis\/'><img loading=\"lazy\" decoding=\"async\" width=\"300\" height=\"168\" src=\"https:\/\/noticias.inderbu.gov.co\/wp-content\/uploads\/2018\/05\/JUDO-INDERBU-YADINIS-300x168.jpg\" class=\"attachment-medium size-medium no-lazy\" alt=\"\" aria-describedby=\"gallery-1-1291\" srcset=\"https:\/\/noticias.inderbu.gov.co\/wp-content\/uploads\/2018\/05\/JUDO-INDERBU-YADINIS-300x168.jpg 300w, https:\/\/noticias.inderbu.gov.co\/wp-content\/uploads\/2018\/05\/JUDO-INDERBU-YADINIS-768x431.jpg 768w, https:\/\/noticias.inderbu.gov.co\/wp-content\/uploads\/2018\/05\/JUDO-INDERBU-YADINIS-1024x575.jpg 1024w, https:\/\/noticias.inderbu.gov.co\/wp-content\/uploads\/2018\/05\/JUDO-INDERBU-YADINIS-e1527606436586.jpg 871w\" sizes=\"auto, (max-width: 300px) 100vw, 300px\" \/><\/a>\n\t\t\t<\/dt>\n\t\t\t\t<dd class='wp-caption-text gallery-caption' id='gallery-1-1291'>\n\t\t\t\tEntrenamientos Escuela de Formaci\u00f3n Deportiva de Judo INDERBU\n\t\t\t\t<\/dd><\/dl><dl class='gallery-item'>\n\t\t\t<dt class='gallery-icon landscape'>\n\t\t\t\t<a href='https:\/\/noticias.inderbu.gov.co\/index.php\/2018\/07\/17\/ninos-de-la-escuela-de-taekwondo-del-inderbu-participaron-en-festival-deportivo\/whatsapp-image-2018-07-14-at-5-45-42-pm\/'><img loading=\"lazy\" decoding=\"async\" width=\"300\" height=\"225\" src=\"https:\/\/noticias.inderbu.gov.co\/wp-content\/uploads\/2018\/07\/WhatsApp-Image-2018-07-14-at-5.45.42-PM-300x225.jpeg\" class=\"attachment-medium size-medium no-lazy\" alt=\"\" aria-describedby=\"gallery-1-1503\" srcset=\"https:\/\/noticias.inderbu.gov.co\/wp-content\/uploads\/2018\/07\/WhatsApp-Image-2018-07-14-at-5.45.42-PM-300x225.jpeg 300w, https:\/\/noticias.inderbu.gov.co\/wp-content\/uploads\/2018\/07\/WhatsApp-Image-2018-07-14-at-5.45.42-PM-768x576.jpeg 768w, https:\/\/noticias.inderbu.gov.co\/wp-content\/uploads\/2018\/07\/WhatsApp-Image-2018-07-14-at-5.45.42-PM-1024x768.jpeg 1024w, https:\/\/noticias.inderbu.gov.co\/wp-content\/uploads\/2018\/07\/WhatsApp-Image-2018-07-14-at-5.45.42-PM-e1531847959360.jpeg 871w\" sizes=\"auto, (max-width: 300px) 100vw, 300px\" \/><\/a>\n\t\t\t<\/dt>\n\t\t\t\t<dd class='wp-caption-text gallery-caption' id='gallery-1-1503'>\n\t\t\t\tEscuela de Taekwondo INDERBU \n\t\t\t\t<\/dd><\/dl><br style=\"clear: both\" \/>\n\t\t<\/div>\n\n<ul>\n<li><strong>2\u00aa base, deportes balompi\u00e9<\/strong>:<\/li>\n<li>F\u00fatbol, microf\u00fatbol y f\u00fatbol sala; con campeonatos rel\u00e1mpago que permitir\u00e1n la interacci\u00f3n e integraci\u00f3n de los ni\u00f1os pertenecientes a los diferentes grupos que han funcionado en las comunas de Bucaramanga.<\/li>\n<\/ul>\n<div id=\"attachment_1549\" style=\"width: 881px\" class=\"wp-caption alignnone\"><img loading=\"lazy\" decoding=\"async\" aria-describedby=\"caption-attachment-1549\" class=\"size-full wp-image-1549\" src=\"http:\/\/noticias.inderbu.gov.co\/wp-content\/uploads\/2018\/07\/IMG_20180517_142734-e1532720141968.jpg\" alt=\"\" width=\"871\" height=\"489\" \/><p id=\"caption-attachment-1549\" class=\"wp-caption-text\">Escuela de Formaci\u00f3n Deportiva de F\u00fatbol del INDERBU<\/p><\/div>\n<ul>\n<li><strong>3\u00aa base, Habilidades Motrices:<\/strong><\/li>\n<li>Atletismo, gimnasia y habilidades de reflejo y equilibrio; destrezas que los ni\u00f1os han alcanzado con diferentes deportes incluidos el tenis de campo y el skateboarding.<\/li>\n<\/ul>\n<p>&nbsp;<\/p>\n<ul>\n<li><strong>4\u00aa base, baloncesto:<\/strong><\/li>\n<li>Los ni\u00f1os que han recibido clases de baloncesto en Girardot, Gait\u00e1n, Campo Hermoso, Coaviconsa, Ciudad Venecia, Hacienda San Juan, as\u00ed como en los parques Cristo Rey y Los ni\u00f1os; participar\u00e1n en competencias rel\u00e1mpago 3 x 3.<\/li>\n<\/ul>\n<p>&nbsp;<\/p>\n<ul>\n<li><strong>5\u00aa base, nataci\u00f3n:<\/strong><\/li>\n<\/ul>\n<p>La nataci\u00f3n se ha impartido gratuitamente con el INDERBU en cinco parques Recrear de la ciudad; por ello los ni\u00f1os que han entrenado en el Norte, Joya, Mutis, Victoria y Porvenir, se integrar\u00e1n para compartir sus avances y logros deportivos en este deporte.<\/p>\n<div id=\"attachment_1172\" style=\"width: 881px\" class=\"wp-caption alignnone\"><img loading=\"lazy\" decoding=\"async\" aria-describedby=\"caption-attachment-1172\" class=\"size-full wp-image-1172\" src=\"http:\/\/noticias.inderbu.gov.co\/wp-content\/uploads\/2018\/05\/IMG_20180510_101822-e1526061360175.jpg\" alt=\"\" width=\"871\" height=\"489\" \/><p id=\"caption-attachment-1172\" class=\"wp-caption-text\">Clase de Nataci\u00f3n<\/p><\/div>\n<p><strong>Dato<\/strong>: <em>En el a\u00f1o 2018, 1435 ni\u00f1os y ni\u00f1as entre los 6 y 12 a\u00f1os de edad, se benefician con las Escuelas de Formaci\u00f3n Deportiva del INDERBU, que funcionan en las 17 comunas de la ciudad en 107 grupos de 16 disciplinas deportivas.<\/em><\/p>\n","protected":false},"excerpt":{"rendered":"<p>Este s\u00e1bado 17 de noviembre el INDERBU realizar\u00e1 el \u201cFestival de Escuelas de Formaci\u00f3n Deportiva\u201d en el parque Recrear del&#46;&#46;&#46;<\/p>\n","protected":false},"author":3,"featured_media":1497,"comment_status":"closed","ping_status":"open","sticky":false,"template":"","format":"standard","meta":{"_bbp_topic_count":0,"_bbp_reply_count":0,"_bbp_total_topic_count":0,"_bbp_total_reply_count":0,"_bbp_voice_count":0,"_bbp_anonymous_reply_count":0,"_bbp_topic_count_hidden":0,"_bbp_reply_count_hidden":0,"_bbp_forum_subforum_count":0,"footnotes":""},"categories":[5,4],"tags":[37],"class_list":["post-2115","post","type-post","status-publish","format-standard","has-post-thumbnail","hentry","category-formaciond","category-noticias","tag-escuelas-de-formacion-deportiva"],"_links":{"self":[{"href":"https:\/\/noticias.inderbu.gov.co\/index.php\/wp-json\/wp\/v2\/posts\/2115","targetHints":{"allow":["GET"]}}],"collection":[{"href":"https:\/\/noticias.inderbu.gov.co\/index.php\/wp-json\/wp\/v2\/posts"}],"about":[{"href":"https:\/\/noticias.inderbu.gov.co\/index.php\/wp-json\/wp\/v2\/types\/post"}],"author":[{"embeddable":true,"href":"https:\/\/noticias.inderbu.gov.co\/index.php\/wp-json\/wp\/v2\/users\/3"}],"replies":[{"embeddable":true,"href":"https:\/\/noticias.inderbu.gov.co\/index.php\/wp-json\/wp\/v2\/comments?post=2115"}],"version-history":[{"count":3,"href":"https:\/\/noticias.inderbu.gov.co\/index.php\/wp-json\/wp\/v2\/posts\/2115\/revisions"}],"predecessor-version":[{"id":2121,"href":"https:\/\/noticias.inderbu.gov.co\/index.php\/wp-json\/wp\/v2\/posts\/2115\/revisions\/2121"}],"wp:featuredmedia":[{"embeddable":true,"href":"https:\/\/noticias.inderbu.gov.co\/index.php\/wp-json\/wp\/v2\/media\/1497"}],"wp:attachment":[{"href":"https:\/\/noticias.inderbu.gov.co\/index.php\/wp-json\/wp\/v2\/media?parent=2115"}],"wp:term":[{"taxonomy":"category","embeddable":true,"href":"https:\/\/noticias.inderbu.gov.co\/index.php\/wp-json\/wp\/v2\/categories?post=2115"},{"taxonomy":"post_tag","embeddable":true,"href":"https:\/\/noticias.inderbu.gov.co\/index.php\/wp-json\/wp\/v2\/tags?post=2115"}],"curies":[{"name":"wp","href":"https:\/\/api.w.org\/{rel}","templated":true}]}}