{"id":2094,"date":"2018-11-01T16:16:53","date_gmt":"2018-11-01T21:16:53","guid":{"rendered":"http:\/\/noticias.inderbu.gov.co\/?p=2094"},"modified":"2018-11-01T16:16:53","modified_gmt":"2018-11-01T21:16:53","slug":"inderbu-inicia-proceso-en-la-construccion-de-la-politica-publica-de-juventud","status":"publish","type":"post","link":"https:\/\/noticias.inderbu.gov.co\/index.php\/2018\/11\/01\/inderbu-inicia-proceso-en-la-construccion-de-la-politica-publica-de-juventud\/","title":{"rendered":"INDERBU inicia proceso en la construcci\u00f3n de la pol\u00edtica p\u00fablica de juventud"},"content":{"rendered":"<p><strong>El Instituto de la Juventud, el Deporte y la Recreaci\u00f3n de Bucaramanga-INDERBU, a\u00fana esfuerzos con la Asociaci\u00f3n Colombiana de Universidades-ASCUN, con el prop\u00f3sito de iniciar el proceso de construcci\u00f3n, formulaci\u00f3n e implementaci\u00f3n de una pol\u00edtica p\u00fablica de juventud en la capital santandereana.<\/strong><\/p>\n<p><strong>\u00a0<\/strong><\/p>\n<div id=\"attachment_2095\" style=\"width: 881px\" class=\"wp-caption aligncenter\"><img loading=\"lazy\" decoding=\"async\" aria-describedby=\"caption-attachment-2095\" class=\"size-full wp-image-2095\" src=\"http:\/\/noticias.inderbu.gov.co\/wp-content\/uploads\/2018\/11\/REUNION-ASCUN-INDERBU-e1541106510911.jpeg\" alt=\"\" width=\"871\" height=\"489\" \/><p id=\"caption-attachment-2095\" class=\"wp-caption-text\">Reuni\u00f3n ASCUN &#8211; INDERBU \/ Pol\u00edtica de Juventud<\/p><\/div>\n<p>La primera etapa del inicio del proceso de construcci\u00f3n de la pol\u00edtica p\u00fablica, que se extiende hasta finales del mes de diciembre, contempla un an\u00e1lisis del contexto con revisi\u00f3n acad\u00e9mica y normativa a nivel nacional, departamental y municipal; del mismo modo, incluye aspectos como la identificaci\u00f3n de actores relevantes en el proceso, abarcando no solamente la poblaci\u00f3n juvenil, sino aquellos aliados fundamentales para la construcci\u00f3n de la pol\u00edtica.<\/p>\n<p>El convenio con ASC\u00daN, incluye aspectos tambi\u00e9n como la identificaci\u00f3n participativa del problema, implementando estrategias de vinculaci\u00f3n activa de los diferentes actores, mesas de trabajo, talleres y otros mecanismos de participaci\u00f3n que involucrar\u00e1n a la comunidad.<\/p>\n\n\t\t<style>\n\t\t\t#gallery-1 {\n\t\t\t\tmargin: auto;\n\t\t\t}\n\t\t\t#gallery-1 .gallery-item {\n\t\t\t\tfloat: left;\n\t\t\t\tmargin-top: 10px;\n\t\t\t\ttext-align: center;\n\t\t\t\twidth: 50%;\n\t\t\t}\n\t\t\t#gallery-1 img {\n\t\t\t\tborder: 2px solid #cfcfcf;\n\t\t\t}\n\t\t\t#gallery-1 .gallery-caption {\n\t\t\t\tmargin-left: 0;\n\t\t\t}\n\t\t\t\/* see gallery_shortcode() in wp-includes\/media.php *\/\n\t\t<\/style>\n\t\t<div id='gallery-1' class='gallery galleryid-2094 gallery-columns-2 gallery-size-medium'><dl class='gallery-item'>\n\t\t\t<dt class='gallery-icon landscape'>\n\t\t\t\t<a href='https:\/\/noticias.inderbu.gov.co\/index.php\/2018\/11\/01\/inderbu-inicia-proceso-en-la-construccion-de-la-politica-publica-de-juventud\/ascun-reunion\/'><img loading=\"lazy\" decoding=\"async\" width=\"300\" height=\"224\" src=\"https:\/\/noticias.inderbu.gov.co\/wp-content\/uploads\/2018\/11\/ASCUN-REUNION-300x224.jpeg\" class=\"attachment-medium size-medium no-lazy\" alt=\"\" aria-describedby=\"gallery-1-2096\" srcset=\"https:\/\/noticias.inderbu.gov.co\/wp-content\/uploads\/2018\/11\/ASCUN-REUNION-300x224.jpeg 300w, https:\/\/noticias.inderbu.gov.co\/wp-content\/uploads\/2018\/11\/ASCUN-REUNION-768x574.jpeg 768w, https:\/\/noticias.inderbu.gov.co\/wp-content\/uploads\/2018\/11\/ASCUN-REUNION-e1541106772497.jpeg 871w\" sizes=\"auto, (max-width: 300px) 100vw, 300px\" \/><\/a>\n\t\t\t<\/dt>\n\t\t\t\t<dd class='wp-caption-text gallery-caption' id='gallery-1-2096'>\n\t\t\t\tReuni\u00f3n con entidades y dependencias del orden municipal\n\t\t\t\t<\/dd><\/dl><dl class='gallery-item'>\n\t\t\t<dt class='gallery-icon landscape'>\n\t\t\t\t<a href='https:\/\/noticias.inderbu.gov.co\/index.php\/2018\/11\/01\/inderbu-inicia-proceso-en-la-construccion-de-la-politica-publica-de-juventud\/ascun-y-entidades\/'><img loading=\"lazy\" decoding=\"async\" width=\"300\" height=\"224\" src=\"https:\/\/noticias.inderbu.gov.co\/wp-content\/uploads\/2018\/11\/ASCUN-Y-ENTIDADES-300x224.jpeg\" class=\"attachment-medium size-medium no-lazy\" alt=\"\" aria-describedby=\"gallery-1-2097\" srcset=\"https:\/\/noticias.inderbu.gov.co\/wp-content\/uploads\/2018\/11\/ASCUN-Y-ENTIDADES-300x224.jpeg 300w, https:\/\/noticias.inderbu.gov.co\/wp-content\/uploads\/2018\/11\/ASCUN-Y-ENTIDADES-768x574.jpeg 768w, https:\/\/noticias.inderbu.gov.co\/wp-content\/uploads\/2018\/11\/ASCUN-Y-ENTIDADES-e1541106824355.jpeg 871w\" sizes=\"auto, (max-width: 300px) 100vw, 300px\" \/><\/a>\n\t\t\t<\/dt>\n\t\t\t\t<dd class='wp-caption-text gallery-caption' id='gallery-1-2097'>\n\t\t\t\tReuni\u00f3n con entidades y dependencias del orden municipal\n\t\t\t\t<\/dd><\/dl><br style=\"clear: both\" \/>\n\t\t<\/div>\n\n<p>Bucaramanga encamina su proceso en la construcci\u00f3n de la pol\u00edtica de Juventud, determinando factores estrat\u00e9gicos para la elaboraci\u00f3n de la misma, mediante una metodolog\u00eda y plan de trabajo que marcar\u00e1n el derrotero para su consolidaci\u00f3n en el a\u00f1o 2019.<\/p>\n","protected":false},"excerpt":{"rendered":"<p>El Instituto de la Juventud, el Deporte y la Recreaci\u00f3n de Bucaramanga-INDERBU, a\u00fana esfuerzos con la Asociaci\u00f3n Colombiana de Universidades-ASCUN,&#46;&#46;&#46;<\/p>\n","protected":false},"author":3,"featured_media":2095,"comment_status":"closed","ping_status":"open","sticky":false,"template":"","format":"standard","meta":{"_bbp_topic_count":0,"_bbp_reply_count":0,"_bbp_total_topic_count":0,"_bbp_total_reply_count":0,"_bbp_voice_count":0,"_bbp_anonymous_reply_count":0,"_bbp_topic_count_hidden":0,"_bbp_reply_count_hidden":0,"_bbp_forum_subforum_count":0,"footnotes":""},"categories":[13,4],"tags":[33,58],"class_list":["post-2094","post","type-post","status-publish","format-standard","has-post-thumbnail","hentry","category-juventud","category-noticias","tag-participacion-juvenil","tag-politica-de-juventud"],"_links":{"self":[{"href":"https:\/\/noticias.inderbu.gov.co\/index.php\/wp-json\/wp\/v2\/posts\/2094","targetHints":{"allow":["GET"]}}],"collection":[{"href":"https:\/\/noticias.inderbu.gov.co\/index.php\/wp-json\/wp\/v2\/posts"}],"about":[{"href":"https:\/\/noticias.inderbu.gov.co\/index.php\/wp-json\/wp\/v2\/types\/post"}],"author":[{"embeddable":true,"href":"https:\/\/noticias.inderbu.gov.co\/index.php\/wp-json\/wp\/v2\/users\/3"}],"replies":[{"embeddable":true,"href":"https:\/\/noticias.inderbu.gov.co\/index.php\/wp-json\/wp\/v2\/comments?post=2094"}],"version-history":[{"count":1,"href":"https:\/\/noticias.inderbu.gov.co\/index.php\/wp-json\/wp\/v2\/posts\/2094\/revisions"}],"predecessor-version":[{"id":2098,"href":"https:\/\/noticias.inderbu.gov.co\/index.php\/wp-json\/wp\/v2\/posts\/2094\/revisions\/2098"}],"wp:featuredmedia":[{"embeddable":true,"href":"https:\/\/noticias.inderbu.gov.co\/index.php\/wp-json\/wp\/v2\/media\/2095"}],"wp:attachment":[{"href":"https:\/\/noticias.inderbu.gov.co\/index.php\/wp-json\/wp\/v2\/media?parent=2094"}],"wp:term":[{"taxonomy":"category","embeddable":true,"href":"https:\/\/noticias.inderbu.gov.co\/index.php\/wp-json\/wp\/v2\/categories?post=2094"},{"taxonomy":"post_tag","embeddable":true,"href":"https:\/\/noticias.inderbu.gov.co\/index.php\/wp-json\/wp\/v2\/tags?post=2094"}],"curies":[{"name":"wp","href":"https:\/\/api.w.org\/{rel}","templated":true}]}}