{"id":2014,"date":"2018-09-27T15:54:48","date_gmt":"2018-09-27T20:54:48","guid":{"rendered":"http:\/\/noticias.inderbu.gov.co\/?p=2014"},"modified":"2018-09-28T15:18:54","modified_gmt":"2018-09-28T20:18:54","slug":"2014","status":"publish","type":"post","link":"https:\/\/noticias.inderbu.gov.co\/index.php\/2018\/09\/27\/2014\/","title":{"rendered":"Ciclopaseo Ciclo Habitat"},"content":{"rendered":"<p><strong>El Ciclopaseo urbano nocturno este jueves de fin de mes, \u00a0se realiza como actividad para la promoci\u00f3n de la Semana de la Movilidad y el Lanzamiento de la Estrategia de la Bicicleta como medio de transporte para Bucaramanga.\u00a0 <\/strong><\/p>\n<div id=\"attachment_2015\" style=\"width: 2261px\" class=\"wp-caption alignnone\"><img loading=\"lazy\" decoding=\"async\" aria-describedby=\"caption-attachment-2015\" class=\"size-full wp-image-2015\" src=\"http:\/\/noticias.inderbu.gov.co\/wp-content\/uploads\/2018\/09\/8_Ciclopaseo-Ciclo-Habitat.png\" alt=\"\" width=\"2251\" height=\"2248\" srcset=\"https:\/\/noticias.inderbu.gov.co\/wp-content\/uploads\/2018\/09\/8_Ciclopaseo-Ciclo-Habitat.png 2251w, https:\/\/noticias.inderbu.gov.co\/wp-content\/uploads\/2018\/09\/8_Ciclopaseo-Ciclo-Habitat-150x150.png 150w, https:\/\/noticias.inderbu.gov.co\/wp-content\/uploads\/2018\/09\/8_Ciclopaseo-Ciclo-Habitat-300x300.png 300w, https:\/\/noticias.inderbu.gov.co\/wp-content\/uploads\/2018\/09\/8_Ciclopaseo-Ciclo-Habitat-768x767.png 768w, https:\/\/noticias.inderbu.gov.co\/wp-content\/uploads\/2018\/09\/8_Ciclopaseo-Ciclo-Habitat-1024x1024.png 1024w, https:\/\/noticias.inderbu.gov.co\/wp-content\/uploads\/2018\/09\/8_Ciclopaseo-Ciclo-Habitat-160x160.png 160w, https:\/\/noticias.inderbu.gov.co\/wp-content\/uploads\/2018\/09\/8_Ciclopaseo-Ciclo-Habitat-320x320.png 320w\" sizes=\"auto, (max-width: 2251px) 100vw, 2251px\" \/><p id=\"caption-attachment-2015\" class=\"wp-caption-text\">Ciclopaseo Ciclo H\u00e1bitat<\/p><\/div>\n<p>Parte desde el parque de Los Ni\u00f1os a las 7:15 de la noche, y previamente se realizar\u00e1 un conversatorio Est\u00e1 programado un Conversatorio Semana de la Movilidad y el Lanzamiento de la Estrategia de la Bicicleta como medio de transporte para Bucaramanga.\u00a0 Igualmente, tambi\u00e9n se promociona el d\u00eda Internacional de la preservaci\u00f3n de la capa de Ozono.<\/p>\n<p>&nbsp;<\/p>\n<p>&nbsp;<\/p>\n<p>&nbsp;<\/p>\n","protected":false},"excerpt":{"rendered":"<p>El Ciclopaseo urbano nocturno este jueves de fin de mes, \u00a0se realiza como actividad para la promoci\u00f3n de la Semana&#46;&#46;&#46;<\/p>\n","protected":false},"author":3,"featured_media":2015,"comment_status":"closed","ping_status":"open","sticky":false,"template":"","format":"standard","meta":{"_bbp_topic_count":0,"_bbp_reply_count":0,"_bbp_total_topic_count":0,"_bbp_total_reply_count":0,"_bbp_voice_count":0,"_bbp_anonymous_reply_count":0,"_bbp_topic_count_hidden":0,"_bbp_reply_count_hidden":0,"_bbp_forum_subforum_count":0,"footnotes":""},"categories":[6,4],"tags":[34],"class_list":["post-2014","post","type-post","status-publish","format-standard","has-post-thumbnail","hentry","category-actifisica","category-noticias","tag-ciclopaseos"],"_links":{"self":[{"href":"https:\/\/noticias.inderbu.gov.co\/index.php\/wp-json\/wp\/v2\/posts\/2014","targetHints":{"allow":["GET"]}}],"collection":[{"href":"https:\/\/noticias.inderbu.gov.co\/index.php\/wp-json\/wp\/v2\/posts"}],"about":[{"href":"https:\/\/noticias.inderbu.gov.co\/index.php\/wp-json\/wp\/v2\/types\/post"}],"author":[{"embeddable":true,"href":"https:\/\/noticias.inderbu.gov.co\/index.php\/wp-json\/wp\/v2\/users\/3"}],"replies":[{"embeddable":true,"href":"https:\/\/noticias.inderbu.gov.co\/index.php\/wp-json\/wp\/v2\/comments?post=2014"}],"version-history":[{"count":2,"href":"https:\/\/noticias.inderbu.gov.co\/index.php\/wp-json\/wp\/v2\/posts\/2014\/revisions"}],"predecessor-version":[{"id":2017,"href":"https:\/\/noticias.inderbu.gov.co\/index.php\/wp-json\/wp\/v2\/posts\/2014\/revisions\/2017"}],"wp:featuredmedia":[{"embeddable":true,"href":"https:\/\/noticias.inderbu.gov.co\/index.php\/wp-json\/wp\/v2\/media\/2015"}],"wp:attachment":[{"href":"https:\/\/noticias.inderbu.gov.co\/index.php\/wp-json\/wp\/v2\/media?parent=2014"}],"wp:term":[{"taxonomy":"category","embeddable":true,"href":"https:\/\/noticias.inderbu.gov.co\/index.php\/wp-json\/wp\/v2\/categories?post=2014"},{"taxonomy":"post_tag","embeddable":true,"href":"https:\/\/noticias.inderbu.gov.co\/index.php\/wp-json\/wp\/v2\/tags?post=2014"}],"curies":[{"name":"wp","href":"https:\/\/api.w.org\/{rel}","templated":true}]}}