{"id":1986,"date":"2018-09-20T12:48:54","date_gmt":"2018-09-20T17:48:54","guid":{"rendered":"http:\/\/noticias.inderbu.gov.co\/?p=1986"},"modified":"2018-09-20T16:11:02","modified_gmt":"2018-09-20T21:11:02","slug":"feria-dar-con-amor-espacio-para-las-mascotas-en-la-feria-de-la-cultura","status":"publish","type":"post","link":"https:\/\/noticias.inderbu.gov.co\/index.php\/2018\/09\/20\/feria-dar-con-amor-espacio-para-las-mascotas-en-la-feria-de-la-cultura\/","title":{"rendered":"Feria Dar con Amor, espacio para las mascotas en la Feria de la Cultura"},"content":{"rendered":"<p><strong>Las mascotas tambi\u00e9n disfrutan de la Feria Bonita \u201cla Fiesta de la Cultura\u201d, con toda una variedad de actividades que ofrece el evento \u201cDar Con Amor\u201d, este domingo 23 de septiembre en el parque de Los Ni\u00f1os, desde las 8:00 de la ma\u00f1ana y hasta las 12:00 del mediod\u00eda.<\/strong><\/p>\n<div id=\"attachment_1987\" style=\"width: 881px\" class=\"wp-caption alignnone\"><img loading=\"lazy\" decoding=\"async\" aria-describedby=\"caption-attachment-1987\" class=\"size-full wp-image-1987\" src=\"http:\/\/noticias.inderbu.gov.co\/wp-content\/uploads\/2018\/09\/FERIA-DAR-CON-AMOR-e1537465618660.jpg\" alt=\"\" width=\"871\" height=\"871\" \/><p id=\"caption-attachment-1987\" class=\"wp-caption-text\">Feria Dar con Amor, espacio para las mascotas en la Feria de Bucaramanga<\/p><\/div>\n<p>Se realizar\u00e1n diversas estaciones interactivas como stand de fotograf\u00eda, mercadillo, comida para mascotas, juegos, shows caninos y otros espect\u00e1culos m\u00e1s para compartir en familia.<\/p>\n<p>El INDERBU brinda espacios de integraci\u00f3n de las familias con sus mascotas en la Recreov\u00eda, promoviendo la cultura ciudadana que propicia el aseo, responsabilidad y amor en el cuidado de los animales dom\u00e9sticos.<\/p>\n<div style=\"width: 848px;\" class=\"wp-video\"><!--[if lt IE 9]><script>document.createElement('video');<\/script><![endif]-->\n<video class=\"wp-video-shortcode\" id=\"video-1986-1\" width=\"848\" height=\"480\" preload=\"metadata\" controls=\"controls\"><source type=\"video\/mp4\" src=\"http:\/\/noticias.inderbu.gov.co\/wp-content\/uploads\/2018\/09\/WhatsApp-Video-2018-09-20-at-2.20.34-PM.mp4?_=1\" \/><a href=\"http:\/\/noticias.inderbu.gov.co\/wp-content\/uploads\/2018\/09\/WhatsApp-Video-2018-09-20-at-2.20.34-PM.mp4\">http:\/\/noticias.inderbu.gov.co\/wp-content\/uploads\/2018\/09\/WhatsApp-Video-2018-09-20-at-2.20.34-PM.mp4<\/a><\/video><\/div>\n","protected":false},"excerpt":{"rendered":"<p>Las mascotas tambi\u00e9n disfrutan de la Feria Bonita \u201cla Fiesta de la Cultura\u201d, con toda una variedad de actividades que&#46;&#46;&#46;<\/p>\n","protected":false},"author":3,"featured_media":1987,"comment_status":"closed","ping_status":"open","sticky":false,"template":"","format":"standard","meta":{"_bbp_topic_count":0,"_bbp_reply_count":0,"_bbp_total_topic_count":0,"_bbp_total_reply_count":0,"_bbp_voice_count":0,"_bbp_anonymous_reply_count":0,"_bbp_topic_count_hidden":0,"_bbp_reply_count_hidden":0,"_bbp_forum_subforum_count":0,"footnotes":""},"categories":[4],"tags":[47,17],"class_list":["post-1986","post","type-post","status-publish","format-standard","has-post-thumbnail","hentry","category-noticias","tag-feria-de-bucaramanga","tag-recreovia"],"_links":{"self":[{"href":"https:\/\/noticias.inderbu.gov.co\/index.php\/wp-json\/wp\/v2\/posts\/1986","targetHints":{"allow":["GET"]}}],"collection":[{"href":"https:\/\/noticias.inderbu.gov.co\/index.php\/wp-json\/wp\/v2\/posts"}],"about":[{"href":"https:\/\/noticias.inderbu.gov.co\/index.php\/wp-json\/wp\/v2\/types\/post"}],"author":[{"embeddable":true,"href":"https:\/\/noticias.inderbu.gov.co\/index.php\/wp-json\/wp\/v2\/users\/3"}],"replies":[{"embeddable":true,"href":"https:\/\/noticias.inderbu.gov.co\/index.php\/wp-json\/wp\/v2\/comments?post=1986"}],"version-history":[{"count":4,"href":"https:\/\/noticias.inderbu.gov.co\/index.php\/wp-json\/wp\/v2\/posts\/1986\/revisions"}],"predecessor-version":[{"id":1996,"href":"https:\/\/noticias.inderbu.gov.co\/index.php\/wp-json\/wp\/v2\/posts\/1986\/revisions\/1996"}],"wp:featuredmedia":[{"embeddable":true,"href":"https:\/\/noticias.inderbu.gov.co\/index.php\/wp-json\/wp\/v2\/media\/1987"}],"wp:attachment":[{"href":"https:\/\/noticias.inderbu.gov.co\/index.php\/wp-json\/wp\/v2\/media?parent=1986"}],"wp:term":[{"taxonomy":"category","embeddable":true,"href":"https:\/\/noticias.inderbu.gov.co\/index.php\/wp-json\/wp\/v2\/categories?post=1986"},{"taxonomy":"post_tag","embeddable":true,"href":"https:\/\/noticias.inderbu.gov.co\/index.php\/wp-json\/wp\/v2\/tags?post=1986"}],"curies":[{"name":"wp","href":"https:\/\/api.w.org\/{rel}","templated":true}]}}