{"id":1975,"date":"2018-09-20T11:09:24","date_gmt":"2018-09-20T16:09:24","guid":{"rendered":"http:\/\/noticias.inderbu.gov.co\/?p=1975"},"modified":"2018-09-20T11:11:23","modified_gmt":"2018-09-20T16:11:23","slug":"maraton-de-aerobicos-en-la-recreovia-movil-del-norte","status":"publish","type":"post","link":"https:\/\/noticias.inderbu.gov.co\/index.php\/2018\/09\/20\/maraton-de-aerobicos-en-la-recreovia-movil-del-norte\/","title":{"rendered":"Marat\u00f3n de aer\u00f3bicos en la Recreov\u00eda m\u00f3vil del Norte"},"content":{"rendered":"<p><strong>En la Recreov\u00eda m\u00f3vil del Norte, que se realiza en el barrio Las Hamacas y sectores aleda\u00f1os, este domingo 23 de septiembre habr\u00e1 Marat\u00f3n de Aer\u00f3bicos en el marco de la Feria Bonita.<\/strong><\/p>\n<div id=\"attachment_1976\" style=\"width: 810px\" class=\"wp-caption alignnone\"><img loading=\"lazy\" decoding=\"async\" aria-describedby=\"caption-attachment-1976\" class=\"size-full wp-image-1976\" src=\"http:\/\/noticias.inderbu.gov.co\/wp-content\/uploads\/2018\/09\/rumba-aerobicos.jpeg\" alt=\"\" width=\"800\" height=\"800\" srcset=\"https:\/\/noticias.inderbu.gov.co\/wp-content\/uploads\/2018\/09\/rumba-aerobicos.jpeg 800w, https:\/\/noticias.inderbu.gov.co\/wp-content\/uploads\/2018\/09\/rumba-aerobicos-150x150.jpeg 150w, https:\/\/noticias.inderbu.gov.co\/wp-content\/uploads\/2018\/09\/rumba-aerobicos-300x300.jpeg 300w, https:\/\/noticias.inderbu.gov.co\/wp-content\/uploads\/2018\/09\/rumba-aerobicos-768x768.jpeg 768w, https:\/\/noticias.inderbu.gov.co\/wp-content\/uploads\/2018\/09\/rumba-aerobicos-160x160.jpeg 160w, https:\/\/noticias.inderbu.gov.co\/wp-content\/uploads\/2018\/09\/rumba-aerobicos-320x320.jpeg 320w\" sizes=\"auto, (max-width: 800px) 100vw, 800px\" \/><p id=\"caption-attachment-1976\" class=\"wp-caption-text\">Marat\u00f3n de aer\u00f3bicos en la Recreov\u00eda del Norte<\/p><\/div>\n<p style=\"text-align: justify;\">El INDERBU invita a todos los resientes de los barrios Miradores del Kennedy, Altos del Kennedy, Balcones del Kennedy, Omag\u00e1 Dos, Villa alegr\u00eda I y II, as\u00ed como de Las Hamacas, para que participen activamente en la Marat\u00f3n de aer\u00f3bicos desde las 8:00 de la ma\u00f1ana y compitan para ganar premios gestionados con empresas privadas vinculadas.<\/p>\n<p style=\"text-align: justify;\">Se realizar\u00e1 ejercicio aer\u00f3bico en las modalidades rumba, combate y danzika con los instructores profesionales del INDERBU y con otros instructores de reconocidos \u00a0\u00a0gimnasios de la ciudad.<\/p>\n","protected":false},"excerpt":{"rendered":"<p>En la Recreov\u00eda m\u00f3vil del Norte, que se realiza en el barrio Las Hamacas y sectores aleda\u00f1os, este domingo 23&#46;&#46;&#46;<\/p>\n","protected":false},"author":3,"featured_media":1976,"comment_status":"closed","ping_status":"open","sticky":false,"template":"","format":"standard","meta":{"_bbp_topic_count":0,"_bbp_reply_count":0,"_bbp_total_topic_count":0,"_bbp_total_reply_count":0,"_bbp_voice_count":0,"_bbp_anonymous_reply_count":0,"_bbp_topic_count_hidden":0,"_bbp_reply_count_hidden":0,"_bbp_forum_subforum_count":0,"footnotes":""},"categories":[6,4],"tags":[51],"class_list":["post-1975","post","type-post","status-publish","format-standard","has-post-thumbnail","hentry","category-actifisica","category-noticias","tag-recreovia-movil-del-norte"],"_links":{"self":[{"href":"https:\/\/noticias.inderbu.gov.co\/index.php\/wp-json\/wp\/v2\/posts\/1975","targetHints":{"allow":["GET"]}}],"collection":[{"href":"https:\/\/noticias.inderbu.gov.co\/index.php\/wp-json\/wp\/v2\/posts"}],"about":[{"href":"https:\/\/noticias.inderbu.gov.co\/index.php\/wp-json\/wp\/v2\/types\/post"}],"author":[{"embeddable":true,"href":"https:\/\/noticias.inderbu.gov.co\/index.php\/wp-json\/wp\/v2\/users\/3"}],"replies":[{"embeddable":true,"href":"https:\/\/noticias.inderbu.gov.co\/index.php\/wp-json\/wp\/v2\/comments?post=1975"}],"version-history":[{"count":3,"href":"https:\/\/noticias.inderbu.gov.co\/index.php\/wp-json\/wp\/v2\/posts\/1975\/revisions"}],"predecessor-version":[{"id":1979,"href":"https:\/\/noticias.inderbu.gov.co\/index.php\/wp-json\/wp\/v2\/posts\/1975\/revisions\/1979"}],"wp:featuredmedia":[{"embeddable":true,"href":"https:\/\/noticias.inderbu.gov.co\/index.php\/wp-json\/wp\/v2\/media\/1976"}],"wp:attachment":[{"href":"https:\/\/noticias.inderbu.gov.co\/index.php\/wp-json\/wp\/v2\/media?parent=1975"}],"wp:term":[{"taxonomy":"category","embeddable":true,"href":"https:\/\/noticias.inderbu.gov.co\/index.php\/wp-json\/wp\/v2\/categories?post=1975"},{"taxonomy":"post_tag","embeddable":true,"href":"https:\/\/noticias.inderbu.gov.co\/index.php\/wp-json\/wp\/v2\/tags?post=1975"}],"curies":[{"name":"wp","href":"https:\/\/api.w.org\/{rel}","templated":true}]}}