{"id":1961,"date":"2018-09-18T15:47:44","date_gmt":"2018-09-18T20:47:44","guid":{"rendered":"http:\/\/noticias.inderbu.gov.co\/?p=1961"},"modified":"2018-09-19T15:00:47","modified_gmt":"2018-09-19T20:00:47","slug":"cinco-medallas-para-santander-en-campeonato-nacional-de-judo-con-apoyo-del-inderbu","status":"publish","type":"post","link":"https:\/\/noticias.inderbu.gov.co\/index.php\/2018\/09\/18\/cinco-medallas-para-santander-en-campeonato-nacional-de-judo-con-apoyo-del-inderbu\/","title":{"rendered":"Cinco medallas para Santander en campeonato nacional de judo, con apoyo del INDERBU"},"content":{"rendered":"<p><strong>Santander logr\u00f3 dos medallas de oro, una de plata y dos m\u00e1s de bronce, en el campeonato nacional de judo categor\u00edas sub 13 y sub 15 que se realiz\u00f3 este fin de semana en Bogot\u00e1.<\/strong><\/p>\n<div id=\"attachment_1962\" style=\"width: 881px\" class=\"wp-caption alignnone\"><img loading=\"lazy\" decoding=\"async\" aria-describedby=\"caption-attachment-1962\" class=\"size-full wp-image-1962\" src=\"http:\/\/noticias.inderbu.gov.co\/wp-content\/uploads\/2018\/09\/DELEGACION-JUDO-e1537386614812.jpeg\" alt=\"\" width=\"871\" height=\"489\" \/><p id=\"caption-attachment-1962\" class=\"wp-caption-text\">Delegaci\u00f3n judo se re\u00fane con directora del INDERBU, Consuelo Rodr\u00edguez Gil<\/p><\/div>\n<p style=\"text-align: justify;\">El INDERBU apoy\u00f3 la delegaci\u00f3n del club deportivo Yadinys, para que se desplazara hasta Bogot\u00e1, con deportistas que han sido ejemplo para ni\u00f1os y j\u00f3venes en cuanto a su formaci\u00f3n deportiva; algunos de ellos con inicios en las Escuelas de Formaci\u00f3n Deportiva del INDERBU.<\/p>\n<p style=\"text-align: justify;\">La directora del INDERBU, consuelo Rodr\u00edguez Gil, manifest\u00f3 que es satisfactorio poder apoyar el talento deportivo, que no solo nos trae medallas para la ciudad, sino que tambi\u00e9n son ejemplo de esfuerzo, disciplina y tes\u00f3n, a trav\u00e9s de la formaci\u00f3n deportiva con el Instituto.<\/p>\n<p style=\"text-align: justify;\">Seg\u00fan inform\u00f3 la presidenta de la Liga Santandereana de Judo, Yadinys Amaris Rocha, Santander compiti\u00f3 con 12 atletas, 2 \u00e1rbitros,\u00a0 3 entrenadores y 1 delegado.<\/p>\n<p style=\"text-align: justify;\">Los resultados fueron.<\/p>\n<p style=\"text-align: justify;\"><strong>Dos Medallas de Oro <\/strong><\/p>\n<ul style=\"text-align: justify;\">\n<li>Juan Camilo Osorio; categor\u00edas sub 13, 31 kilos, escuela de formaci\u00f3n INDERBU, quien clasific\u00f3 al Campeonato Panamericano de Guayaquil Ecuador que se realizar\u00e1 del 1 al 4 de noviembre del 2018.<\/li>\n<li>Mar\u00eda Alejandra Mora; Categor\u00eda Cadetes, 48 kilos<\/li>\n<\/ul>\n<p style=\"text-align: justify;\"><strong>Una Medalla de plata <\/strong><\/p>\n<ul style=\"text-align: justify;\">\n<li>Laura Cabarique Otero Categor\u00eda sub 13, 47 kilos<\/li>\n<\/ul>\n<p style=\"text-align: justify;\"><strong>Dos Medallas de Bronce <\/strong><\/p>\n<ul style=\"text-align: justify;\">\n<li>Angelina Palacios Romero Categor\u00eda Sub 13, 52 kilos<\/li>\n<li>Lauris Nu\u00f1ez Hernandez Categor\u00eda sub 15 48 kilos<\/li>\n<\/ul>\n<div id=\"attachment_1963\" style=\"width: 881px\" class=\"wp-caption alignnone\"><img loading=\"lazy\" decoding=\"async\" aria-describedby=\"caption-attachment-1963\" class=\"size-full wp-image-1963\" src=\"http:\/\/noticias.inderbu.gov.co\/wp-content\/uploads\/2018\/09\/MEDALLAS-CAMPENATO-NACIONAL-JUDO-e1537387008911.jpeg\" alt=\"\" width=\"871\" height=\"489\" \/><p id=\"caption-attachment-1963\" class=\"wp-caption-text\">Deportistas exhiben sus medallas logradas en Campeonato Nacional de judo<\/p><\/div>\n<p style=\"text-align: justify;\">El balance general fue positivo, se disputaron 27 combates de los cuales se ganaron 15 y se perdieron 12.<\/p>\n<p>En la clasificaci\u00f3n general, Santander se ubic\u00f3 en el 6\u00b0 puesto entre 12 ligas del pa\u00eds.<\/p>\n<p>El campeonato tambi\u00e9n sirvi\u00f3 para que nuestros judokas se prepararan para la fase nacional de los juegos intercolegiados sup\u00e9rate.<\/p>\n<p>&nbsp;<\/p>\n","protected":false},"excerpt":{"rendered":"<p>Santander logr\u00f3 dos medallas de oro, una de plata y dos m\u00e1s de bronce, en el campeonato nacional de judo&#46;&#46;&#46;<\/p>\n","protected":false},"author":3,"featured_media":1962,"comment_status":"closed","ping_status":"open","sticky":false,"template":"","format":"standard","meta":{"_bbp_topic_count":0,"_bbp_reply_count":0,"_bbp_total_topic_count":0,"_bbp_total_reply_count":0,"_bbp_voice_count":0,"_bbp_anonymous_reply_count":0,"_bbp_topic_count_hidden":0,"_bbp_reply_count_hidden":0,"_bbp_forum_subforum_count":0,"footnotes":""},"categories":[48,5,4],"tags":[28],"class_list":["post-1961","post","type-post","status-publish","format-standard","has-post-thumbnail","hentry","category-deporte-asociado","category-formaciond","category-noticias","tag-apoyo-al-deporte-asociado"],"_links":{"self":[{"href":"https:\/\/noticias.inderbu.gov.co\/index.php\/wp-json\/wp\/v2\/posts\/1961","targetHints":{"allow":["GET"]}}],"collection":[{"href":"https:\/\/noticias.inderbu.gov.co\/index.php\/wp-json\/wp\/v2\/posts"}],"about":[{"href":"https:\/\/noticias.inderbu.gov.co\/index.php\/wp-json\/wp\/v2\/types\/post"}],"author":[{"embeddable":true,"href":"https:\/\/noticias.inderbu.gov.co\/index.php\/wp-json\/wp\/v2\/users\/3"}],"replies":[{"embeddable":true,"href":"https:\/\/noticias.inderbu.gov.co\/index.php\/wp-json\/wp\/v2\/comments?post=1961"}],"version-history":[{"count":1,"href":"https:\/\/noticias.inderbu.gov.co\/index.php\/wp-json\/wp\/v2\/posts\/1961\/revisions"}],"predecessor-version":[{"id":1964,"href":"https:\/\/noticias.inderbu.gov.co\/index.php\/wp-json\/wp\/v2\/posts\/1961\/revisions\/1964"}],"wp:featuredmedia":[{"embeddable":true,"href":"https:\/\/noticias.inderbu.gov.co\/index.php\/wp-json\/wp\/v2\/media\/1962"}],"wp:attachment":[{"href":"https:\/\/noticias.inderbu.gov.co\/index.php\/wp-json\/wp\/v2\/media?parent=1961"}],"wp:term":[{"taxonomy":"category","embeddable":true,"href":"https:\/\/noticias.inderbu.gov.co\/index.php\/wp-json\/wp\/v2\/categories?post=1961"},{"taxonomy":"post_tag","embeddable":true,"href":"https:\/\/noticias.inderbu.gov.co\/index.php\/wp-json\/wp\/v2\/tags?post=1961"}],"curies":[{"name":"wp","href":"https:\/\/api.w.org\/{rel}","templated":true}]}}