{"id":1891,"date":"2018-08-29T09:21:04","date_gmt":"2018-08-29T14:21:04","guid":{"rendered":"http:\/\/noticias.inderbu.gov.co\/?p=1891"},"modified":"2018-08-29T09:25:54","modified_gmt":"2018-08-29T14:25:54","slug":"eventos-deportivos-para-poblacion-con-discapacidad","status":"publish","type":"post","link":"https:\/\/noticias.inderbu.gov.co\/index.php\/2018\/08\/29\/eventos-deportivos-para-poblacion-con-discapacidad\/","title":{"rendered":"Eventos deportivos para poblaci\u00f3n con discapacidad"},"content":{"rendered":"<p style=\"text-align: justify;\"><strong>El INDERBU ya inici\u00f3 la ejecuci\u00f3n de eventos deportivos para poblaci\u00f3n con discapacidad y program\u00f3 la realizaci\u00f3n de la semana especial para el sector cognitivo.<\/strong><\/p>\n<div id=\"attachment_1892\" style=\"width: 1290px\" class=\"wp-caption alignnone\"><img loading=\"lazy\" decoding=\"async\" aria-describedby=\"caption-attachment-1892\" class=\"size-full wp-image-1892\" src=\"http:\/\/noticias.inderbu.gov.co\/wp-content\/uploads\/2018\/08\/REUNION-INSTITUCIONES-SECTOR-COGNITIVO.jpeg\" alt=\"\" width=\"1280\" height=\"720\" srcset=\"https:\/\/noticias.inderbu.gov.co\/wp-content\/uploads\/2018\/08\/REUNION-INSTITUCIONES-SECTOR-COGNITIVO.jpeg 1280w, https:\/\/noticias.inderbu.gov.co\/wp-content\/uploads\/2018\/08\/REUNION-INSTITUCIONES-SECTOR-COGNITIVO-300x169.jpeg 300w, https:\/\/noticias.inderbu.gov.co\/wp-content\/uploads\/2018\/08\/REUNION-INSTITUCIONES-SECTOR-COGNITIVO-768x432.jpeg 768w, https:\/\/noticias.inderbu.gov.co\/wp-content\/uploads\/2018\/08\/REUNION-INSTITUCIONES-SECTOR-COGNITIVO-1024x576.jpeg 1024w\" sizes=\"auto, (max-width: 1280px) 100vw, 1280px\" \/><p id=\"caption-attachment-1892\" class=\"wp-caption-text\">Reuni\u00f3n instituciones sector de discapacidad cognitiva<\/p><\/div>\n<p style=\"text-align: justify;\">En reuni\u00f3n con diferentes instituciones del sector con discapacidad cognitiva, se acordaron fechas para la realizaci\u00f3n de la semana Especial, que contempla diversas actividades deportivas y recreativas.<\/p>\n<p style=\"text-align: justify;\"><strong>Del 22 al 26 de octubre se desarrollar\u00e1 el cronograma:<\/strong><\/p>\n<ul style=\"text-align: justify;\">\n<li>Lunes 22: evento de inauguraci\u00f3n<\/li>\n<li>Martes 23: festival de atletismo<\/li>\n<li>Mi\u00e9rcoles 24: festival de deportes de conjunto<\/li>\n<li>Jueves 25: eventos de nataci\u00f3n, gimnasia, boccia y bolo americano<\/li>\n<li>Viernes 26: evento recreativo<\/li>\n<li>S\u00e1bado 27: festival de patinaje<\/li>\n<\/ul>\n<p style=\"text-align: justify;\"><strong>Iniciaron eventos para el sector auditivo \u00a0<\/strong><\/p>\n<p style=\"text-align: justify;\">Los deportistas del sector de discapacidad auditiva adelantan el torneo de futsala con la participaci\u00f3n de 6 equipos masculinos que vienen compitiendo en coliseo Bicentenario.\u00a0 El torneo avanza y su quinta fecha de programaci\u00f3n se jugar\u00e1 este s\u00e1bado 1\u00b0de septiembre en el coliseo Edmundo Luna Santos.<\/p>\n<div id=\"attachment_1893\" style=\"width: 881px\" class=\"wp-caption alignnone\"><img loading=\"lazy\" decoding=\"async\" aria-describedby=\"caption-attachment-1893\" class=\"size-full wp-image-1893\" src=\"http:\/\/noticias.inderbu.gov.co\/wp-content\/uploads\/2018\/08\/FUTSALA-AUDITIVOS-e1535552156906.jpeg\" alt=\"\" width=\"871\" height=\"489\" \/><p id=\"caption-attachment-1893\" class=\"wp-caption-text\">Torneo futsala para el sector de discapacidad auditivo<\/p><\/div>\n<div id=\"attachment_1894\" style=\"width: 881px\" class=\"wp-caption alignnone\"><img loading=\"lazy\" decoding=\"async\" aria-describedby=\"caption-attachment-1894\" class=\"size-full wp-image-1894\" src=\"http:\/\/noticias.inderbu.gov.co\/wp-content\/uploads\/2018\/08\/FUTSAL-AUDITIVOS-e1535552285461.jpeg\" alt=\"\" width=\"871\" height=\"489\" \/><p id=\"caption-attachment-1894\" class=\"wp-caption-text\">Torneo futsala auditivos<\/p><\/div>\n<p style=\"text-align: justify;\"><strong>Baloncesto para personas en sillas de ruedas<\/strong><\/p>\n<p style=\"text-align: justify;\">El pasado s\u00e1bado 25 de agosto se llev\u00f3 a cabo el inicio del torneo de baloncesto para personas en silla de ruedas, evento que integra varios equipos entorno a la pr\u00e1ctica de esta disciplina deportiva.<\/p>\n<div id=\"attachment_1895\" style=\"width: 881px\" class=\"wp-caption alignnone\"><img loading=\"lazy\" decoding=\"async\" aria-describedby=\"caption-attachment-1895\" class=\"size-full wp-image-1895\" src=\"http:\/\/noticias.inderbu.gov.co\/wp-content\/uploads\/2018\/08\/BALONCESTO-SILLAS1-e1535552339504.jpeg\" alt=\"\" width=\"871\" height=\"653\" \/><p id=\"caption-attachment-1895\" class=\"wp-caption-text\">Torneo baloncesto sillas de ruedas<\/p><\/div>\n<p>&nbsp;<\/p>\n<p><strong><em>Descargue aqu\u00ed Bolet\u00edn de Prensa<\/em><\/strong>:\u00a0<a href=\"http:\/\/noticias.inderbu.gov.co\/wp-content\/uploads\/2018\/08\/BOLETIN-131-DE-2018.pdf\">BOLETIN 131 DE 2018<\/a><\/p>\n","protected":false},"excerpt":{"rendered":"<p>El INDERBU ya inici\u00f3 la ejecuci\u00f3n de eventos deportivos para poblaci\u00f3n con discapacidad y program\u00f3 la realizaci\u00f3n de la semana&#46;&#46;&#46;<\/p>\n","protected":false},"author":3,"featured_media":1892,"comment_status":"closed","ping_status":"open","sticky":false,"template":"","format":"standard","meta":{"_bbp_topic_count":0,"_bbp_reply_count":0,"_bbp_total_topic_count":0,"_bbp_total_reply_count":0,"_bbp_voice_count":0,"_bbp_anonymous_reply_count":0,"_bbp_topic_count_hidden":0,"_bbp_reply_count_hidden":0,"_bbp_forum_subforum_count":0,"footnotes":""},"categories":[4,7],"tags":[39],"class_list":["post-1891","post","type-post","status-publish","format-standard","has-post-thumbnail","hentry","category-noticias","category-sociocom","tag-discapacidad"],"_links":{"self":[{"href":"https:\/\/noticias.inderbu.gov.co\/index.php\/wp-json\/wp\/v2\/posts\/1891","targetHints":{"allow":["GET"]}}],"collection":[{"href":"https:\/\/noticias.inderbu.gov.co\/index.php\/wp-json\/wp\/v2\/posts"}],"about":[{"href":"https:\/\/noticias.inderbu.gov.co\/index.php\/wp-json\/wp\/v2\/types\/post"}],"author":[{"embeddable":true,"href":"https:\/\/noticias.inderbu.gov.co\/index.php\/wp-json\/wp\/v2\/users\/3"}],"replies":[{"embeddable":true,"href":"https:\/\/noticias.inderbu.gov.co\/index.php\/wp-json\/wp\/v2\/comments?post=1891"}],"version-history":[{"count":3,"href":"https:\/\/noticias.inderbu.gov.co\/index.php\/wp-json\/wp\/v2\/posts\/1891\/revisions"}],"predecessor-version":[{"id":1900,"href":"https:\/\/noticias.inderbu.gov.co\/index.php\/wp-json\/wp\/v2\/posts\/1891\/revisions\/1900"}],"wp:featuredmedia":[{"embeddable":true,"href":"https:\/\/noticias.inderbu.gov.co\/index.php\/wp-json\/wp\/v2\/media\/1892"}],"wp:attachment":[{"href":"https:\/\/noticias.inderbu.gov.co\/index.php\/wp-json\/wp\/v2\/media?parent=1891"}],"wp:term":[{"taxonomy":"category","embeddable":true,"href":"https:\/\/noticias.inderbu.gov.co\/index.php\/wp-json\/wp\/v2\/categories?post=1891"},{"taxonomy":"post_tag","embeddable":true,"href":"https:\/\/noticias.inderbu.gov.co\/index.php\/wp-json\/wp\/v2\/tags?post=1891"}],"curies":[{"name":"wp","href":"https:\/\/api.w.org\/{rel}","templated":true}]}}