{"id":189,"date":"2017-11-01T10:23:47","date_gmt":"2017-11-01T15:23:47","guid":{"rendered":"http:\/\/noticias.inderbu.gov.co\/?p=189"},"modified":"2017-11-01T10:23:47","modified_gmt":"2017-11-01T15:23:47","slug":"torneo-de-pesas-intercolegiado-superate-inderbu","status":"publish","type":"post","link":"https:\/\/noticias.inderbu.gov.co\/index.php\/2017\/11\/01\/torneo-de-pesas-intercolegiado-superate-inderbu\/","title":{"rendered":"TORNEO DE PESAS INTERCOLEGIADO SUP\u00c9RATE INDERBU"},"content":{"rendered":"<p style=\"text-align: center;\"><strong>COLEGIOS DE BUCARAMANGA PARTICIPARON ACTIVAMENTE<\/strong><\/p>\n<div id=\"attachment_190\" style=\"width: 881px\" class=\"wp-caption alignnone\"><img loading=\"lazy\" decoding=\"async\" aria-describedby=\"caption-attachment-190\" class=\"size-full wp-image-190\" src=\"http:\/\/noticias.inderbu.gov.co\/wp-content\/uploads\/2017\/11\/IMG_20171031_163221-e1509549496180.jpg\" alt=\"\" width=\"871\" height=\"489\" \/><p id=\"caption-attachment-190\" class=\"wp-caption-text\">Torneo de Pesas Intercolegiados<\/p><\/div>\n<p><span style=\"text-align: justify;\">En el gimnasio multifuerza de la Unidad Deportiva Alfonso L\u00f3pez, se llev\u00f3 a cabo el torneo de pesas Intercolegiado Sup\u00e9rate INDERBU, donde participaron deportistas de diferentes establecimientos educativos de Bucaramanga.\u00a0 Los resultados del torneo fueron los siguientes:<\/span><\/p>\n<div id=\"attachment_191\" style=\"width: 881px\" class=\"wp-caption alignnone\"><img loading=\"lazy\" decoding=\"async\" aria-describedby=\"caption-attachment-191\" class=\"size-full wp-image-191\" src=\"http:\/\/noticias.inderbu.gov.co\/wp-content\/uploads\/2017\/11\/IMG_20171031_162304-e1509549647575.jpg\" alt=\"\" width=\"871\" height=\"489\" \/><p id=\"caption-attachment-191\" class=\"wp-caption-text\">Torneo Intercolegiado de pesas<\/p><\/div>\n<p style=\"text-align: justify;\"><strong>Categor\u00eda pre juvenil varones:<\/strong><\/p>\n<p style=\"text-align: justify;\"><strong>Oro<\/strong>: Andr\u00e9s Barajas, del Caf\u00e9 Madrid, 90 kilos<\/p>\n<p style=\"text-align: justify;\"><strong>Plata<\/strong>: Kevin Villamizar, Oriente Miraflores, 80 kilos.<\/p>\n<p style=\"text-align: justify;\"><strong>Bronce<\/strong>: Juan Velasco, Comfenalco, 80 kilos<\/p>\n<p style=\"text-align: justify;\">\n<p style=\"text-align: justify;\"><strong>Categor\u00eda Prejuvenil Damas<\/strong>:<\/p>\n<p style=\"text-align: justify;\"><strong>Oro<\/strong>: Yessenia Moncada, Liceo Patria, 80 kilos<\/p>\n<p style=\"text-align: justify;\"><strong>Plata:<\/strong> Isabella Z\u00fa\u00f1iga, escuela formaci\u00f3n deportiva, 75 kilos<\/p>\n<p style=\"text-align: justify;\"><strong>Bronce:<\/strong> Ang\u00e9lica Pe\u00f1a, Inst. Gabriela Mistral, 75 kilos<\/p>\n<p style=\"text-align: justify;\">\n<p style=\"text-align: justify;\"><strong>Categor\u00eda Juvenil damas:<\/strong><\/p>\n<p style=\"text-align: justify;\"><strong>Oro<\/strong>: Mildred Ariza, liceo Patria, 82 kilos<\/p>\n<p style=\"text-align: justify;\"><strong>Plata:<\/strong> Estefany L\u00f3pez, Col Pilar, 80 kilos.<\/p>\n<p style=\"text-align: justify;\"><strong>Bronce:<\/strong> Camila Dangond, Comfenalco, 70 kilos<\/p>\n<p style=\"text-align: justify;\">\n<p style=\"text-align: justify;\"><strong>Categor\u00eda Juvenil varones (menos de 68):<\/strong><\/p>\n<p style=\"text-align: justify;\"><strong>Oro:<\/strong> Carlos Ni\u00f1o, Bosconia, 130 kilos<\/p>\n<p style=\"text-align: justify;\"><strong>Plata<\/strong>: Daniel Vargas, Camacho Carre\u00f1o, 120 kilos<\/p>\n<p style=\"text-align: justify;\"><strong>Bronce<\/strong>: Oscar Su\u00e1rez, Caf\u00e9 Madrid, 90 kilos<\/p>\n<p style=\"text-align: justify;\">\n<p style=\"text-align: justify;\"><strong>Categor\u00eda Juvenil varones (M\u00e1s de 68)<\/strong><\/p>\n<p style=\"text-align: justify;\"><strong>Oro<\/strong>: Andr\u00e9s Torres, Caf\u00e9 Madrid, 105 kilos<\/p>\n<p style=\"text-align: justify;\"><strong>Plata:<\/strong> Harvin Morales, Col Santander, 90 kilos<\/p>\n<p style=\"text-align: justify;\"><strong>Bronce:<\/strong> Jos\u00e9 Moncada, Oriente Miraflorez, 90 kilos<\/p>\n","protected":false},"excerpt":{"rendered":"<p>COLEGIOS DE BUCARAMANGA PARTICIPARON ACTIVAMENTE En el gimnasio multifuerza de la Unidad Deportiva Alfonso L\u00f3pez, se llev\u00f3 a cabo el&#46;&#46;&#46;<\/p>\n","protected":false},"author":3,"featured_media":192,"comment_status":"closed","ping_status":"open","sticky":false,"template":"","format":"standard","meta":{"_bbp_topic_count":0,"_bbp_reply_count":0,"_bbp_total_topic_count":0,"_bbp_total_reply_count":0,"_bbp_voice_count":0,"_bbp_anonymous_reply_count":0,"_bbp_topic_count_hidden":0,"_bbp_reply_count_hidden":0,"_bbp_forum_subforum_count":0,"footnotes":""},"categories":[5,4],"tags":[],"class_list":["post-189","post","type-post","status-publish","format-standard","has-post-thumbnail","hentry","category-formaciond","category-noticias"],"_links":{"self":[{"href":"https:\/\/noticias.inderbu.gov.co\/index.php\/wp-json\/wp\/v2\/posts\/189","targetHints":{"allow":["GET"]}}],"collection":[{"href":"https:\/\/noticias.inderbu.gov.co\/index.php\/wp-json\/wp\/v2\/posts"}],"about":[{"href":"https:\/\/noticias.inderbu.gov.co\/index.php\/wp-json\/wp\/v2\/types\/post"}],"author":[{"embeddable":true,"href":"https:\/\/noticias.inderbu.gov.co\/index.php\/wp-json\/wp\/v2\/users\/3"}],"replies":[{"embeddable":true,"href":"https:\/\/noticias.inderbu.gov.co\/index.php\/wp-json\/wp\/v2\/comments?post=189"}],"version-history":[{"count":1,"href":"https:\/\/noticias.inderbu.gov.co\/index.php\/wp-json\/wp\/v2\/posts\/189\/revisions"}],"predecessor-version":[{"id":193,"href":"https:\/\/noticias.inderbu.gov.co\/index.php\/wp-json\/wp\/v2\/posts\/189\/revisions\/193"}],"wp:featuredmedia":[{"embeddable":true,"href":"https:\/\/noticias.inderbu.gov.co\/index.php\/wp-json\/wp\/v2\/media\/192"}],"wp:attachment":[{"href":"https:\/\/noticias.inderbu.gov.co\/index.php\/wp-json\/wp\/v2\/media?parent=189"}],"wp:term":[{"taxonomy":"category","embeddable":true,"href":"https:\/\/noticias.inderbu.gov.co\/index.php\/wp-json\/wp\/v2\/categories?post=189"},{"taxonomy":"post_tag","embeddable":true,"href":"https:\/\/noticias.inderbu.gov.co\/index.php\/wp-json\/wp\/v2\/tags?post=189"}],"curies":[{"name":"wp","href":"https:\/\/api.w.org\/{rel}","templated":true}]}}