{"id":1851,"date":"2018-08-16T09:08:59","date_gmt":"2018-08-16T14:08:59","guid":{"rendered":"http:\/\/noticias.inderbu.gov.co\/?p=1851"},"modified":"2018-08-16T09:34:33","modified_gmt":"2018-08-16T14:34:33","slug":"fin-de-semana-para-la-juventud","status":"publish","type":"post","link":"https:\/\/noticias.inderbu.gov.co\/index.php\/2018\/08\/16\/fin-de-semana-para-la-juventud\/","title":{"rendered":"Fin de semana para la juventud"},"content":{"rendered":"<p style=\"text-align: justify;\"><strong><em>Este fin de semana es el remate de actividades especiales para los j\u00f3venes bumangueses, con fiesta juvenil, Torneo Municipal de Street Work Out, Festivales de Cometas Volando por un Sue\u00f1o, caminata ecol\u00f3gica y festival de danza urbana.<\/em><\/strong><\/p>\n<div id=\"attachment_1744\" style=\"width: 881px\" class=\"wp-caption alignnone\"><img loading=\"lazy\" decoding=\"async\" aria-describedby=\"caption-attachment-1744\" class=\"size-full wp-image-1744\" src=\"http:\/\/noticias.inderbu.gov.co\/wp-content\/uploads\/2018\/08\/SDJ18_05Cover-01-e1533585203562.jpg\" alt=\"\" width=\"871\" height=\"333\" \/><p id=\"caption-attachment-1744\" class=\"wp-caption-text\">Semana de la Juventud<\/p><\/div>\n<ul>\n<li style=\"text-align: justify;\"><strong>Volando por un Sue\u00f1o<\/strong>: El s\u00e1bado 18 en los polideportivos Recrear del Mutis a las 8:00 de la ma\u00f1ana y en el de Las Am\u00e9ricas a las 10:30, as\u00ed como el domingo a las 10:00 de la ma\u00f1ana en el Recrear de Colorados; los j\u00f3venes participar\u00e1n en talleres de elaboraci\u00f3n y dise\u00f1o de cometas. Igualmente disfrutar\u00e1n del teatro con la puesta en escena del grupo Garrick, sobre prevenci\u00f3n al consumo de sustancias psicoactivas.<\/li>\n<\/ul>\n<p style=\"text-align: justify;\">Los festivales de cometas Volando Por Un Sue\u00f1o se realizar\u00e1n el domingo 19 de agosto en la cancha La Mina del barrio Colorados y el lunes festivo en el parque de La Vida de Campo Hermoso, desde la 1:00 hasta las 6:00 de la tarde.<\/p>\n<ul style=\"text-align: justify;\">\n<li><strong>Fiesta Juvenil: Recreaci\u00f3n, desaf\u00edo inter-casas<\/strong>: El s\u00e1bado 18 de agosto en el Recrear de Las Am\u00e9ricas, se realizar\u00e1n actividades recreo-deportivas de superaci\u00f3n de retos que fortalecen el trabajo en equipo, la resoluci\u00f3n de conflictos y autoestima en los j\u00f3venes que frecuentan las <strong>6<\/strong> Casas de Juventud del INDERBU, enmarcado todo el evento en la celebraci\u00f3n <strong>\u201cSer Joven\u201d<\/strong>.<\/li>\n<\/ul>\n<div id=\"attachment_1852\" style=\"width: 810px\" class=\"wp-caption alignnone\"><img loading=\"lazy\" decoding=\"async\" aria-describedby=\"caption-attachment-1852\" class=\"size-full wp-image-1852\" src=\"http:\/\/noticias.inderbu.gov.co\/wp-content\/uploads\/2018\/08\/torneo-street-workout.jpg\" alt=\"\" width=\"800\" height=\"800\" srcset=\"https:\/\/noticias.inderbu.gov.co\/wp-content\/uploads\/2018\/08\/torneo-street-workout.jpg 800w, https:\/\/noticias.inderbu.gov.co\/wp-content\/uploads\/2018\/08\/torneo-street-workout-150x150.jpg 150w, https:\/\/noticias.inderbu.gov.co\/wp-content\/uploads\/2018\/08\/torneo-street-workout-300x300.jpg 300w, https:\/\/noticias.inderbu.gov.co\/wp-content\/uploads\/2018\/08\/torneo-street-workout-768x768.jpg 768w, https:\/\/noticias.inderbu.gov.co\/wp-content\/uploads\/2018\/08\/torneo-street-workout-160x160.jpg 160w, https:\/\/noticias.inderbu.gov.co\/wp-content\/uploads\/2018\/08\/torneo-street-workout-320x320.jpg 320w\" sizes=\"auto, (max-width: 800px) 100vw, 800px\" \/><p id=\"caption-attachment-1852\" class=\"wp-caption-text\">Torneo Street Workout<\/p><\/div>\n<ul style=\"text-align: justify;\">\n<li><strong>Torneo Municipal Street Work Out: <\/strong>El domingo 18 de agosto se realizar\u00e1 el torneo municipal de calistenia al aire libre en el parque de Los Ni\u00f1os, desde las 8:00 de la ma\u00f1ana y hasta la 1:00 de la tarde, con el prop\u00f3sito de aprender a disponer el cuerpo para el ejercicio f\u00edsico. El Torneo Municipal de Street Work Out ser\u00e1 clasificatorio para el evento Nacional programado dentro de la celebraci\u00f3n del cumplea\u00f1os de Bucaramanga.<\/li>\n<\/ul>\n<div id=\"attachment_1853\" style=\"width: 881px\" class=\"wp-caption alignnone\"><img loading=\"lazy\" decoding=\"async\" aria-describedby=\"caption-attachment-1853\" class=\"size-full wp-image-1853\" src=\"http:\/\/noticias.inderbu.gov.co\/wp-content\/uploads\/2018\/08\/CAMINATA-ECOLOGICA-Y-VOLANDO-POR-UN-SUE\u00d1O-e1534428060220.jpeg\" alt=\"\" width=\"871\" height=\"589\" \/><p id=\"caption-attachment-1853\" class=\"wp-caption-text\">Caminata ecol\u00f3gica y Festival de Cometas Volando por un Sue\u00f1o<\/p><\/div>\n<ul style=\"text-align: justify;\">\n<li><strong>Caminata Ecol\u00f3gica: <\/strong>La caminata ecol\u00f3gica se llevar\u00e1 a cabo el lunes 20 de agosto, con punto de encuentro en la instituci\u00f3n educativa rural Bosconia a las 8:00 de la ma\u00f1ana, para caminar hasta la vereda Los Santos Altos. Se realizar\u00e1 exhibici\u00f3n y elevaci\u00f3n de cometas.<\/li>\n<\/ul>\n<div id=\"attachment_1854\" style=\"width: 810px\" class=\"wp-caption alignnone\"><img loading=\"lazy\" decoding=\"async\" aria-describedby=\"caption-attachment-1854\" class=\"size-full wp-image-1854\" src=\"http:\/\/noticias.inderbu.gov.co\/wp-content\/uploads\/2018\/08\/FESTIVAL-DANZA-URBANA.jpeg\" alt=\"\" width=\"800\" height=\"800\" srcset=\"https:\/\/noticias.inderbu.gov.co\/wp-content\/uploads\/2018\/08\/FESTIVAL-DANZA-URBANA.jpeg 800w, https:\/\/noticias.inderbu.gov.co\/wp-content\/uploads\/2018\/08\/FESTIVAL-DANZA-URBANA-150x150.jpeg 150w, https:\/\/noticias.inderbu.gov.co\/wp-content\/uploads\/2018\/08\/FESTIVAL-DANZA-URBANA-300x300.jpeg 300w, https:\/\/noticias.inderbu.gov.co\/wp-content\/uploads\/2018\/08\/FESTIVAL-DANZA-URBANA-768x768.jpeg 768w, https:\/\/noticias.inderbu.gov.co\/wp-content\/uploads\/2018\/08\/FESTIVAL-DANZA-URBANA-160x160.jpeg 160w, https:\/\/noticias.inderbu.gov.co\/wp-content\/uploads\/2018\/08\/FESTIVAL-DANZA-URBANA-320x320.jpeg 320w\" sizes=\"auto, (max-width: 800px) 100vw, 800px\" \/><p id=\"caption-attachment-1854\" class=\"wp-caption-text\">Festival de Danza Urbana<\/p><\/div>\n<ul style=\"text-align: justify;\">\n<li><strong>Festival de danza urbana<\/strong>: Los ritmos urbanos de hip hop en las modalidades (colegial y all star), as\u00ed como el rap (1 vs 1) y all style (1 vs 1), se tomar\u00e1n el coliseo Edmundo Luna Santos el lunes 20 de agosto desde las 2:00 de la tarde hasta las 8:00 de la noche.<\/li>\n<\/ul>\n<p style=\"text-align: justify;\"><strong>Programaci\u00f3n Fin de Semana Juvenil<\/strong><\/p>\n<div id=\"attachment_1859\" style=\"width: 765px\" class=\"wp-caption alignnone\"><img loading=\"lazy\" decoding=\"async\" aria-describedby=\"caption-attachment-1859\" class=\"size-full wp-image-1859\" src=\"http:\/\/noticias.inderbu.gov.co\/wp-content\/uploads\/2018\/08\/FIN-DE-SEMANA-JUVENTUD.jpg\" alt=\"\" width=\"755\" height=\"524\" srcset=\"https:\/\/noticias.inderbu.gov.co\/wp-content\/uploads\/2018\/08\/FIN-DE-SEMANA-JUVENTUD.jpg 755w, https:\/\/noticias.inderbu.gov.co\/wp-content\/uploads\/2018\/08\/FIN-DE-SEMANA-JUVENTUD-300x208.jpg 300w\" sizes=\"auto, (max-width: 755px) 100vw, 755px\" \/><p id=\"caption-attachment-1859\" class=\"wp-caption-text\">Programaci\u00f3n fin de semana juvenil<\/p><\/div>\n<p><em><strong>Descargue aqu\u00ed Bolet\u00edn de Prensa<\/strong><\/em>:\u00a0<a href=\"http:\/\/noticias.inderbu.gov.co\/wp-content\/uploads\/2018\/08\/BOLETIN-126-DE-2018.pdf\">BOLETIN 126 DE 2018<\/a><\/p>\n<p style=\"text-align: justify;\"><em>\u00a0<\/em><\/p>\n","protected":false},"excerpt":{"rendered":"<p>Este fin de semana es el remate de actividades especiales para los j\u00f3venes bumangueses, con fiesta juvenil, Torneo Municipal de&#46;&#46;&#46;<\/p>\n","protected":false},"author":3,"featured_media":1856,"comment_status":"closed","ping_status":"open","sticky":false,"template":"","format":"standard","meta":{"_bbp_topic_count":0,"_bbp_reply_count":0,"_bbp_total_topic_count":0,"_bbp_total_reply_count":0,"_bbp_voice_count":0,"_bbp_anonymous_reply_count":0,"_bbp_topic_count_hidden":0,"_bbp_reply_count_hidden":0,"_bbp_forum_subforum_count":0,"footnotes":""},"categories":[13,4],"tags":[],"class_list":["post-1851","post","type-post","status-publish","format-standard","has-post-thumbnail","hentry","category-juventud","category-noticias"],"_links":{"self":[{"href":"https:\/\/noticias.inderbu.gov.co\/index.php\/wp-json\/wp\/v2\/posts\/1851","targetHints":{"allow":["GET"]}}],"collection":[{"href":"https:\/\/noticias.inderbu.gov.co\/index.php\/wp-json\/wp\/v2\/posts"}],"about":[{"href":"https:\/\/noticias.inderbu.gov.co\/index.php\/wp-json\/wp\/v2\/types\/post"}],"author":[{"embeddable":true,"href":"https:\/\/noticias.inderbu.gov.co\/index.php\/wp-json\/wp\/v2\/users\/3"}],"replies":[{"embeddable":true,"href":"https:\/\/noticias.inderbu.gov.co\/index.php\/wp-json\/wp\/v2\/comments?post=1851"}],"version-history":[{"count":3,"href":"https:\/\/noticias.inderbu.gov.co\/index.php\/wp-json\/wp\/v2\/posts\/1851\/revisions"}],"predecessor-version":[{"id":1860,"href":"https:\/\/noticias.inderbu.gov.co\/index.php\/wp-json\/wp\/v2\/posts\/1851\/revisions\/1860"}],"wp:featuredmedia":[{"embeddable":true,"href":"https:\/\/noticias.inderbu.gov.co\/index.php\/wp-json\/wp\/v2\/media\/1856"}],"wp:attachment":[{"href":"https:\/\/noticias.inderbu.gov.co\/index.php\/wp-json\/wp\/v2\/media?parent=1851"}],"wp:term":[{"taxonomy":"category","embeddable":true,"href":"https:\/\/noticias.inderbu.gov.co\/index.php\/wp-json\/wp\/v2\/categories?post=1851"},{"taxonomy":"post_tag","embeddable":true,"href":"https:\/\/noticias.inderbu.gov.co\/index.php\/wp-json\/wp\/v2\/tags?post=1851"}],"curies":[{"name":"wp","href":"https:\/\/api.w.org\/{rel}","templated":true}]}}