{"id":1758,"date":"2018-08-09T13:06:04","date_gmt":"2018-08-09T18:06:04","guid":{"rendered":"http:\/\/noticias.inderbu.gov.co\/?p=1758"},"modified":"2018-08-09T20:18:35","modified_gmt":"2018-08-10T01:18:35","slug":"festival-de-cometas-volando-por-un-sueno-se-realizara-del-18-al-20-de-agosto","status":"publish","type":"post","link":"https:\/\/noticias.inderbu.gov.co\/index.php\/2018\/08\/09\/festival-de-cometas-volando-por-un-sueno-se-realizara-del-18-al-20-de-agosto\/","title":{"rendered":"Festival de Cometas Volando por un Sue\u00f1o se realizar\u00e1 del 18 al 20 de agosto"},"content":{"rendered":"<p style=\"text-align: justify;\"><strong><em>Los festivales de cometas, as\u00ed como los talleres de elaboraci\u00f3n y dise\u00f1o de las mismas, se trasladan para el pr\u00f3ximo fin de semana con todo su colorido, ingenio y creatividad, brindando a los j\u00f3venes mayores posibilidades de participaci\u00f3n. <\/em><\/strong><\/p>\n<div id=\"attachment_1759\" style=\"width: 881px\" class=\"wp-caption alignnone\"><img loading=\"lazy\" decoding=\"async\" aria-describedby=\"caption-attachment-1759\" class=\"size-full wp-image-1759\" src=\"http:\/\/noticias.inderbu.gov.co\/wp-content\/uploads\/2018\/08\/FEST-COMETAS-e1533837820997.jpg\" alt=\"\" width=\"871\" height=\"653\" \/><p id=\"caption-attachment-1759\" class=\"wp-caption-text\">Festival de cometas juvenil Volando por un Sue\u00f1o<\/p><\/div>\n<p style=\"text-align: justify;\">En agosto, mes de los j\u00f3venes y de la alegr\u00eda, hasta el viento se confabula para que la estrategia Volando por un Sue\u00f1o, permita que se realicen talleres de reflexi\u00f3n sobre proyecto de vida juvenil, anclados a t\u00e9cnicas de elaboraci\u00f3n y dise\u00f1o de coloridas cometas, que pondr\u00e1n a volar los anhelos por un futuro planeado, organizado y que seguramente ser\u00e1 realidad.<\/p>\n<p style=\"text-align: justify;\">La estrategia Volando por un Sue\u00f1o es realizada por el INDERBU junto con la corporaci\u00f3n Parques Recrear, permitiendo espacios de integraci\u00f3n, recreaci\u00f3n y capacitaci\u00f3n a los j\u00f3venes.<\/p>\n<ul style=\"list-style-type: circle;\">\n<li style=\"text-align: justify;\">Los talleres ser\u00e1n el s\u00e1bado 18 en los parques Recrear del Mutis y Am\u00e9ricas, a las 8:00 y 10:30 de la ma\u00f1ana respectivamente; el domingo 19 en Recrear Colorados a las 10:00 de la ma\u00f1ana y el lunes 20 en el Recrear de Campo Hermoso a las 10:00 de la ma\u00f1ana.<\/li>\n<li style=\"text-align: justify;\">Los festivales de cometas <strong>Volando Por Un Sue\u00f1o<\/strong> se realizar\u00e1n el domingo 19 en la cancha La Mina del barrio Colorados desde la 1:00 hasta las 5:00 de la tarde y el lunes 20 de agosto en el Recrear de Campo Hermoso a las 12:30 p.m.<\/li>\n<\/ul>\n<p>&nbsp;<\/p>\n<table width=\"0\">\n<tbody>\n<tr>\n<td colspan=\"6\" width=\"566\"><strong>Festival \u00abVolando Por un Sue\u00f1o\u00bb<\/strong><\/td>\n<\/tr>\n<tr>\n<td rowspan=\"2\" width=\"88\"><strong>Fechas mes de agosto<\/strong><\/td>\n<td colspan=\"4\" width=\"346\"><strong>PARQUES RECREAR<\/strong><\/td>\n<td width=\"132\"><strong>Cancha La Mina, barrio Colorados<\/strong><\/td>\n<\/tr>\n<tr>\n<td width=\"69\"><strong>Mutis<\/strong><\/td>\n<td width=\"78\"><strong>Am\u00e9ricas<\/strong><\/td>\n<td width=\"78\"><strong>Colorados<\/strong><\/td>\n<td width=\"122\"><strong>Campo Hermoso<\/strong><\/td>\n<td width=\"132\"><strong>\u00a0<\/strong><\/td>\n<\/tr>\n<tr>\n<td width=\"88\">S\u00e1bado 18<\/td>\n<td width=\"69\">Taller<\/p>\n<p>8:00 a. m.<\/td>\n<td width=\"78\">Taller<\/p>\n<p>10:30 a. m.<\/td>\n<td width=\"78\"><\/td>\n<td width=\"122\"><\/td>\n<td width=\"132\"><\/td>\n<\/tr>\n<tr>\n<td width=\"88\">Domingo 19<\/td>\n<td width=\"69\"><\/td>\n<td width=\"78\"><\/td>\n<td width=\"78\">Taller<\/p>\n<p>10:00 a. m.<\/td>\n<td width=\"122\"><\/td>\n<td width=\"132\">Festival 1:00 pm<\/td>\n<\/tr>\n<tr>\n<td width=\"88\">Lunes 20<\/td>\n<td width=\"69\"><\/td>\n<td width=\"78\"><\/td>\n<td width=\"78\"><\/td>\n<td width=\"122\">Taller 10:00 a. m.<\/p>\n<p>Festival 12:30 p. m<\/td>\n<td width=\"132\"><\/td>\n<\/tr>\n<\/tbody>\n<\/table>\n<p><strong><em>Descargue aqu\u00ed Bolet\u00edn:<\/em><\/strong>\u00a0<a href=\"http:\/\/noticias.inderbu.gov.co\/wp-content\/uploads\/2018\/08\/BOLETIN-0122.pdf\">BOLETIN 0122<\/a><\/p>\n","protected":false},"excerpt":{"rendered":"<p>Los festivales de cometas, as\u00ed como los talleres de elaboraci\u00f3n y dise\u00f1o de las mismas, se trasladan para el pr\u00f3ximo&#46;&#46;&#46;<\/p>\n","protected":false},"author":3,"featured_media":1759,"comment_status":"closed","ping_status":"open","sticky":false,"template":"","format":"standard","meta":{"_bbp_topic_count":0,"_bbp_reply_count":0,"_bbp_total_topic_count":0,"_bbp_total_reply_count":0,"_bbp_voice_count":0,"_bbp_anonymous_reply_count":0,"_bbp_topic_count_hidden":0,"_bbp_reply_count_hidden":0,"_bbp_forum_subforum_count":0,"footnotes":""},"categories":[13,4],"tags":[],"class_list":["post-1758","post","type-post","status-publish","format-standard","has-post-thumbnail","hentry","category-juventud","category-noticias"],"_links":{"self":[{"href":"https:\/\/noticias.inderbu.gov.co\/index.php\/wp-json\/wp\/v2\/posts\/1758","targetHints":{"allow":["GET"]}}],"collection":[{"href":"https:\/\/noticias.inderbu.gov.co\/index.php\/wp-json\/wp\/v2\/posts"}],"about":[{"href":"https:\/\/noticias.inderbu.gov.co\/index.php\/wp-json\/wp\/v2\/types\/post"}],"author":[{"embeddable":true,"href":"https:\/\/noticias.inderbu.gov.co\/index.php\/wp-json\/wp\/v2\/users\/3"}],"replies":[{"embeddable":true,"href":"https:\/\/noticias.inderbu.gov.co\/index.php\/wp-json\/wp\/v2\/comments?post=1758"}],"version-history":[{"count":4,"href":"https:\/\/noticias.inderbu.gov.co\/index.php\/wp-json\/wp\/v2\/posts\/1758\/revisions"}],"predecessor-version":[{"id":1790,"href":"https:\/\/noticias.inderbu.gov.co\/index.php\/wp-json\/wp\/v2\/posts\/1758\/revisions\/1790"}],"wp:featuredmedia":[{"embeddable":true,"href":"https:\/\/noticias.inderbu.gov.co\/index.php\/wp-json\/wp\/v2\/media\/1759"}],"wp:attachment":[{"href":"https:\/\/noticias.inderbu.gov.co\/index.php\/wp-json\/wp\/v2\/media?parent=1758"}],"wp:term":[{"taxonomy":"category","embeddable":true,"href":"https:\/\/noticias.inderbu.gov.co\/index.php\/wp-json\/wp\/v2\/categories?post=1758"},{"taxonomy":"post_tag","embeddable":true,"href":"https:\/\/noticias.inderbu.gov.co\/index.php\/wp-json\/wp\/v2\/tags?post=1758"}],"curies":[{"name":"wp","href":"https:\/\/api.w.org\/{rel}","templated":true}]}}