{"id":1424,"date":"2018-07-03T11:29:10","date_gmt":"2018-07-03T16:29:10","guid":{"rendered":"http:\/\/noticias.inderbu.gov.co\/?p=1424"},"modified":"2018-07-04T17:04:12","modified_gmt":"2018-07-04T22:04:12","slug":"asi-fue-la-celebracion-del-dia-mundial-de-la-actividad-fisica-con-inderbu","status":"publish","type":"post","link":"https:\/\/noticias.inderbu.gov.co\/index.php\/2018\/07\/03\/asi-fue-la-celebracion-del-dia-mundial-de-la-actividad-fisica-con-inderbu\/","title":{"rendered":"As\u00ed fue la celebraci\u00f3n del D\u00eda Mundial de la Actividad F\u00edsica con INDERBU"},"content":{"rendered":"<p style=\"text-align: justify;\"><strong><em>Una fiesta con deporte, alegr\u00eda, energ\u00eda y baile, se vivi\u00f3 el pasado 30 de junio en la plazoleta c\u00edvica Luis Carlos Gal\u00e1n Sarmiento, con la presentaci\u00f3n coreogr\u00e1fica de Bucaramanga en el D\u00eda Mundial de la Actividad F\u00edsica.<\/em><\/strong><\/p>\n<div id=\"attachment_1425\" style=\"width: 881px\" class=\"wp-caption alignnone\"><img loading=\"lazy\" decoding=\"async\" aria-describedby=\"caption-attachment-1425\" class=\"size-full wp-image-1425\" src=\"http:\/\/noticias.inderbu.gov.co\/wp-content\/uploads\/2018\/07\/panoramica-plaza-civica-e1530635195807.jpeg\" alt=\"\" width=\"871\" height=\"181\" \/><p id=\"caption-attachment-1425\" class=\"wp-caption-text\">Presentaci\u00f3n Coreogr\u00e1fica D\u00eda Mundial Actividad F\u00edsica<\/p><\/div>\n<p style=\"text-align: justify;\">A partir de las 3:00 de la tarde, se dio inicio a la actividad contando con la participaci\u00f3n de aproximadamente 3.000 beneficiarios de los diferentes grupos de actividad f\u00edsica del INDERBU en toda la ciudad.<\/p>\n<div style=\"width: 800px;\" class=\"wp-video\"><!--[if lt IE 9]><script>document.createElement('video');<\/script><![endif]-->\n<video class=\"wp-video-shortcode\" id=\"video-1424-1\" width=\"800\" height=\"450\" preload=\"metadata\" controls=\"controls\"><source type=\"video\/mp4\" src=\"http:\/\/noticias.inderbu.gov.co\/wp-content\/uploads\/2018\/07\/video-coreog-dia-mundial-act.mp4?_=1\" \/><a href=\"http:\/\/noticias.inderbu.gov.co\/wp-content\/uploads\/2018\/07\/video-coreog-dia-mundial-act.mp4\">http:\/\/noticias.inderbu.gov.co\/wp-content\/uploads\/2018\/07\/video-coreog-dia-mundial-act.mp4<\/a><\/video><\/div>\n<p style=\"text-align: justify;\">Fue una jornada de colorido, vida, deporte e integraci\u00f3n comunitaria con la presentaci\u00f3n coreogr\u00e1fica que se ensay\u00f3 durante las sesiones de actividad f\u00edsica del INDERBU; presentaciones culturales con grupos de musicales y la banda del Ej\u00e9rcito Nacional; as\u00ed como la clase de rumba aer\u00f3bica para todos.<\/p>\n<div style=\"width: 640px;\" class=\"wp-video\"><video class=\"wp-video-shortcode\" id=\"video-1424-2\" width=\"640\" height=\"360\" preload=\"metadata\" controls=\"controls\"><source type=\"video\/mp4\" src=\"http:\/\/noticias.inderbu.gov.co\/wp-content\/uploads\/2018\/07\/WhatsApp-Video-2018-07-04-at-4.57.56-PM.mp4?_=2\" \/><a href=\"http:\/\/noticias.inderbu.gov.co\/wp-content\/uploads\/2018\/07\/WhatsApp-Video-2018-07-04-at-4.57.56-PM.mp4\">http:\/\/noticias.inderbu.gov.co\/wp-content\/uploads\/2018\/07\/WhatsApp-Video-2018-07-04-at-4.57.56-PM.mp4<\/a><\/video><\/div>\n<p style=\"text-align: justify;\">Los H\u00e1bitos y Estilos de Vida Saludables se consolidan en las comunidades bumanguesas, que con el INDERBU bailan, hacen ejercicio y disfrutan de la vida sana, en 132 grupos establecidos por toda la ciudad.<\/p>\n","protected":false},"excerpt":{"rendered":"<p>Una fiesta con deporte, alegr\u00eda, energ\u00eda y baile, se vivi\u00f3 el pasado 30 de junio en la plazoleta c\u00edvica Luis&#46;&#46;&#46;<\/p>\n","protected":false},"author":3,"featured_media":1426,"comment_status":"closed","ping_status":"open","sticky":false,"template":"","format":"standard","meta":{"_bbp_topic_count":0,"_bbp_reply_count":0,"_bbp_total_topic_count":0,"_bbp_total_reply_count":0,"_bbp_voice_count":0,"_bbp_anonymous_reply_count":0,"_bbp_topic_count_hidden":0,"_bbp_reply_count_hidden":0,"_bbp_forum_subforum_count":0,"footnotes":""},"categories":[6,4],"tags":[],"class_list":["post-1424","post","type-post","status-publish","format-standard","has-post-thumbnail","hentry","category-actifisica","category-noticias"],"_links":{"self":[{"href":"https:\/\/noticias.inderbu.gov.co\/index.php\/wp-json\/wp\/v2\/posts\/1424","targetHints":{"allow":["GET"]}}],"collection":[{"href":"https:\/\/noticias.inderbu.gov.co\/index.php\/wp-json\/wp\/v2\/posts"}],"about":[{"href":"https:\/\/noticias.inderbu.gov.co\/index.php\/wp-json\/wp\/v2\/types\/post"}],"author":[{"embeddable":true,"href":"https:\/\/noticias.inderbu.gov.co\/index.php\/wp-json\/wp\/v2\/users\/3"}],"replies":[{"embeddable":true,"href":"https:\/\/noticias.inderbu.gov.co\/index.php\/wp-json\/wp\/v2\/comments?post=1424"}],"version-history":[{"count":3,"href":"https:\/\/noticias.inderbu.gov.co\/index.php\/wp-json\/wp\/v2\/posts\/1424\/revisions"}],"predecessor-version":[{"id":1472,"href":"https:\/\/noticias.inderbu.gov.co\/index.php\/wp-json\/wp\/v2\/posts\/1424\/revisions\/1472"}],"wp:featuredmedia":[{"embeddable":true,"href":"https:\/\/noticias.inderbu.gov.co\/index.php\/wp-json\/wp\/v2\/media\/1426"}],"wp:attachment":[{"href":"https:\/\/noticias.inderbu.gov.co\/index.php\/wp-json\/wp\/v2\/media?parent=1424"}],"wp:term":[{"taxonomy":"category","embeddable":true,"href":"https:\/\/noticias.inderbu.gov.co\/index.php\/wp-json\/wp\/v2\/categories?post=1424"},{"taxonomy":"post_tag","embeddable":true,"href":"https:\/\/noticias.inderbu.gov.co\/index.php\/wp-json\/wp\/v2\/tags?post=1424"}],"curies":[{"name":"wp","href":"https:\/\/api.w.org\/{rel}","templated":true}]}}