{"id":1367,"date":"2018-06-15T12:36:33","date_gmt":"2018-06-15T17:36:33","guid":{"rendered":"http:\/\/noticias.inderbu.gov.co\/?p=1367"},"modified":"2018-06-15T14:47:50","modified_gmt":"2018-06-15T19:47:50","slug":"casas-de-juventud-del-inderbu-espacios-de-integracion-formacion-y-diversion","status":"publish","type":"post","link":"https:\/\/noticias.inderbu.gov.co\/index.php\/2018\/06\/15\/casas-de-juventud-del-inderbu-espacios-de-integracion-formacion-y-diversion\/","title":{"rendered":"Casas de Juventud del INDERBU, espacios de integraci\u00f3n, formaci\u00f3n y diversi\u00f3n"},"content":{"rendered":"<p style=\"text-align: justify;\">El INDERBU ofrece seis casas de la Juventud ubicadas en diferentes sectores de la ciudad, que mediante una oferta program\u00e1tica permiten la utilizaci\u00f3n adecuada del tiempo libre de los j\u00f3venes, a trav\u00e9s de actividades deportivas, recreativas, art\u00edsticas, culturales y formativas.<\/p>\n<div id=\"attachment_1369\" style=\"width: 881px\" class=\"wp-caption alignnone\"><img loading=\"lazy\" decoding=\"async\" aria-describedby=\"caption-attachment-1369\" class=\"size-full wp-image-1369\" src=\"http:\/\/noticias.inderbu.gov.co\/wp-content\/uploads\/2018\/06\/FACHADA-CASA-CAMPO-HERMOSO1-e1529080341439.jpg\" alt=\"\" width=\"871\" height=\"682\" \/><p id=\"caption-attachment-1369\" class=\"wp-caption-text\">Casa de Juventud del INDERBU ubicada en Campo Hermoso<\/p><\/div>\n<p><strong>\u00bfD\u00f3nde se encuentran las Casas de Juventud?<\/strong><\/p>\n<table class=\" aligncenter\" style=\"height: 484px;\" width=\"527\">\n<tbody>\n<tr>\n<td style=\"text-align: center; width: 129px;\"><strong>CASA<\/strong><\/td>\n<td style=\"text-align: center; width: 147px;\"><strong>UBICACI\u00d3N<\/strong><\/td>\n<td style=\"text-align: center; width: 227px;\"><strong>HORARIO ATENCI\u00d3N<\/strong><\/td>\n<\/tr>\n<tr>\n<td style=\"text-align: center; width: 129px;\">PABL\u00d3N<\/td>\n<td style=\"text-align: center; width: 147px;\">Carrera 11#61N-10<\/td>\n<td style=\"text-align: center; width: 227px;\">Lunes a viernes de 1:30 a 5:30 pm<\/td>\n<\/tr>\n<tr>\n<td style=\"text-align: center; width: 129px;\">CAMPO HERMOSO<\/td>\n<td style=\"text-align: center; width: 147px;\">Calle 47 No 10 Occ-58<\/td>\n<td style=\"text-align: center; width: 227px;\">Lunes a viernes de 2:30 a 6:30 pm<\/td>\n<\/tr>\n<tr>\n<td style=\"text-align: center; width: 129px;\">CENTRO CULTURAL DEL ORIENTE<\/td>\n<td style=\"text-align: center; width: 147px;\">Carrera 19 No 31-65<\/td>\n<td style=\"text-align: center; width: 227px;\">Martes de 3:00 a 7:00 pm, mi\u00e9rcoles, jueves, viernes de 9:00 am a 1:00 pm y de 3:00 a 7:00 pm; y s\u00e1bados de 9:00 am a 1:00 pm.<\/td>\n<\/tr>\n<tr>\n<td style=\"text-align: center; width: 129px;\">PABLO VI<\/td>\n<td style=\"text-align: center; width: 147px;\">Carrera 10D#67\u00aa-13<\/td>\n<td style=\"text-align: center; width: 227px;\">Lunes a viernes de 2:30 a 6:30 pm<\/td>\n<\/tr>\n<tr>\n<td style=\"text-align: center; width: 129px;\">BUCARAMANGA<\/td>\n<td style=\"text-align: center; width: 147px;\">Carrera 7 # 66-54<\/td>\n<td style=\"text-align: center; width: 227px;\">Martes a viernes de 3:00 a 6:00 pm y s\u00e1bados de 9:00 a 1:00 pm.<\/td>\n<\/tr>\n<tr>\n<td style=\"text-align: center; width: 129px;\">GIRARDOT<\/td>\n<td style=\"text-align: center; width: 147px;\">Carrera 6 # 24-50 piso 2<\/td>\n<td style=\"text-align: center; width: 227px;\">Martes a viernes de 2:00 a 6:00 pm, s\u00e1bado de 10:00 am a 2:00 pm.<\/td>\n<\/tr>\n<\/tbody>\n<\/table>\n<p style=\"text-align: justify;\">Psic\u00f3logos profesionales y licenciados en\u00a0 Educaci\u00f3n F\u00edsica, se encuentran al frente de las Casas de Juventud del INDERBU, desarrollando una oferta program\u00e1tica variada que convoca a los j\u00f3venes y sus familiares.<\/p>\n\n\t\t<style>\n\t\t\t#gallery-1 {\n\t\t\t\tmargin: auto;\n\t\t\t}\n\t\t\t#gallery-1 .gallery-item {\n\t\t\t\tfloat: left;\n\t\t\t\tmargin-top: 10px;\n\t\t\t\ttext-align: center;\n\t\t\t\twidth: 50%;\n\t\t\t}\n\t\t\t#gallery-1 img {\n\t\t\t\tborder: 2px solid #cfcfcf;\n\t\t\t}\n\t\t\t#gallery-1 .gallery-caption {\n\t\t\t\tmargin-left: 0;\n\t\t\t}\n\t\t\t\/* see gallery_shortcode() in wp-includes\/media.php *\/\n\t\t<\/style>\n\t\t<div id='gallery-1' class='gallery galleryid-1367 gallery-columns-2 gallery-size-large'><dl class='gallery-item'>\n\t\t\t<dt class='gallery-icon landscape'>\n\t\t\t\t<a href='https:\/\/noticias.inderbu.gov.co\/index.php\/2018\/06\/15\/casas-de-juventud-del-inderbu-espacios-de-integracion-formacion-y-diversion\/casa-girardot\/'><img loading=\"lazy\" decoding=\"async\" width=\"1024\" height=\"768\" src=\"https:\/\/noticias.inderbu.gov.co\/wp-content\/uploads\/2018\/06\/CASA-GIRARDOT-1024x768.jpg\" class=\"attachment-large size-large no-lazy\" alt=\"\" aria-describedby=\"gallery-1-1370\" srcset=\"https:\/\/noticias.inderbu.gov.co\/wp-content\/uploads\/2018\/06\/CASA-GIRARDOT-1024x768.jpg 1024w, https:\/\/noticias.inderbu.gov.co\/wp-content\/uploads\/2018\/06\/CASA-GIRARDOT-300x225.jpg 300w, https:\/\/noticias.inderbu.gov.co\/wp-content\/uploads\/2018\/06\/CASA-GIRARDOT-768x576.jpg 768w, https:\/\/noticias.inderbu.gov.co\/wp-content\/uploads\/2018\/06\/CASA-GIRARDOT-e1529080467429.jpg 871w\" sizes=\"auto, (max-width: 1024px) 100vw, 1024px\" \/><\/a>\n\t\t\t<\/dt>\n\t\t\t\t<dd class='wp-caption-text gallery-caption' id='gallery-1-1370'>\n\t\t\t\tCasa de Juventud del INDERBU en el barrio Girardot\n\t\t\t\t<\/dd><\/dl><dl class='gallery-item'>\n\t\t\t<dt class='gallery-icon landscape'>\n\t\t\t\t<a href='https:\/\/noticias.inderbu.gov.co\/index.php\/2018\/06\/15\/casas-de-juventud-del-inderbu-espacios-de-integracion-formacion-y-diversion\/casa-pablon1\/'><img loading=\"lazy\" decoding=\"async\" width=\"1024\" height=\"768\" src=\"https:\/\/noticias.inderbu.gov.co\/wp-content\/uploads\/2018\/06\/casa-pablon1-1024x768.jpg\" class=\"attachment-large size-large no-lazy\" alt=\"\" aria-describedby=\"gallery-1-1376\" srcset=\"https:\/\/noticias.inderbu.gov.co\/wp-content\/uploads\/2018\/06\/casa-pablon1-1024x768.jpg 1024w, https:\/\/noticias.inderbu.gov.co\/wp-content\/uploads\/2018\/06\/casa-pablon1-300x225.jpg 300w, https:\/\/noticias.inderbu.gov.co\/wp-content\/uploads\/2018\/06\/casa-pablon1-768x576.jpg 768w, https:\/\/noticias.inderbu.gov.co\/wp-content\/uploads\/2018\/06\/casa-pablon1-e1529083102593.jpg 871w\" sizes=\"auto, (max-width: 1024px) 100vw, 1024px\" \/><\/a>\n\t\t\t<\/dt>\n\t\t\t\t<dd class='wp-caption-text gallery-caption' id='gallery-1-1376'>\n\t\t\t\tCasa de Juventud del INDERBU en el Pabl\u00f3n\n\t\t\t\t<\/dd><\/dl><br style=\"clear: both\" \/>\n\t\t<\/div>\n\n<div id=\"attachment_1371\" style=\"width: 881px\" class=\"wp-caption alignnone\"><img loading=\"lazy\" decoding=\"async\" aria-describedby=\"caption-attachment-1371\" class=\"size-full wp-image-1371\" src=\"http:\/\/noticias.inderbu.gov.co\/wp-content\/uploads\/2018\/06\/Casa-centro-cultural-e1529080570410.jpg\" alt=\"\" width=\"871\" height=\"523\" \/><p id=\"caption-attachment-1371\" class=\"wp-caption-text\">Casa de Juventud del INDERBU en el Centro Cultural del Oriente<\/p><\/div>\n<div id=\"attachment_1385\" style=\"width: 881px\" class=\"wp-caption alignnone\"><img loading=\"lazy\" decoding=\"async\" aria-describedby=\"caption-attachment-1385\" class=\"size-full wp-image-1385\" src=\"http:\/\/noticias.inderbu.gov.co\/wp-content\/uploads\/2018\/06\/casa-bucaramanga-e1529091670408.jpg\" alt=\"\" width=\"871\" height=\"653\" \/><p id=\"caption-attachment-1385\" class=\"wp-caption-text\">Casa de Juventud barrio Bucaramanga<\/p><\/div>\n<p style=\"text-align: justify;\"><span style=\"font-size: 14pt;\"><strong>Oferta program\u00e1tica:<\/strong><\/span><\/p>\n<ul>\n<li style=\"text-align: justify;\">Campa\u00f1as de prevenci\u00f3n de consumo de sustancias psicoactivas, tolerancia y respeto.<\/li>\n<li style=\"text-align: justify;\">Atenci\u00f3n Psicosocial.<\/li>\n<li style=\"text-align: justify;\">Capacitaci\u00f3n en manualidades (country, marroquiner\u00eda, decoraciones en foami, cajas decorativas, entre otras).<\/li>\n<li style=\"text-align: justify;\">Capacitaci\u00f3n y orientaci\u00f3n en m\u00fasica y danzas como mecanismo de expresiones culturales y comunicaci\u00f3n sensorial.<\/li>\n<li style=\"text-align: justify;\">Procesos deportivos en f\u00fatbol con fomento de valores.<\/li>\n<li style=\"text-align: justify;\">Cineforos, conversatorios orientados a la vida con principios.<\/li>\n<li style=\"text-align: justify;\">Talleres de comprensi\u00f3n de lectura, manejo de emociones y toma de decisiones con mecanismos l\u00fadicos.<\/li>\n<li style=\"text-align: justify;\">Manualidades para ni\u00f1os y j\u00f3venes con materiales ecol\u00f3gicos.<\/li>\n<li style=\"text-align: justify;\">Talleres de dibujo como mecanismo de fomento de la concentraci\u00f3n y coordinaci\u00f3n fina motriz.<\/li>\n<li style=\"text-align: justify;\">Jornadas recreativas y l\u00fadicas.<\/li>\n<li style=\"text-align: justify;\">Fortalecimiento a grupos juveniles<\/li>\n<\/ul>\n\n\t\t<style>\n\t\t\t#gallery-2 {\n\t\t\t\tmargin: auto;\n\t\t\t}\n\t\t\t#gallery-2 .gallery-item {\n\t\t\t\tfloat: left;\n\t\t\t\tmargin-top: 10px;\n\t\t\t\ttext-align: center;\n\t\t\t\twidth: 50%;\n\t\t\t}\n\t\t\t#gallery-2 img {\n\t\t\t\tborder: 2px solid #cfcfcf;\n\t\t\t}\n\t\t\t#gallery-2 .gallery-caption {\n\t\t\t\tmargin-left: 0;\n\t\t\t}\n\t\t\t\/* see gallery_shortcode() in wp-includes\/media.php *\/\n\t\t<\/style>\n\t\t<div id='gallery-2' class='gallery galleryid-1367 gallery-columns-2 gallery-size-large'><dl class='gallery-item'>\n\t\t\t<dt class='gallery-icon landscape'>\n\t\t\t\t<a href='https:\/\/noticias.inderbu.gov.co\/index.php\/2018\/06\/15\/casas-de-juventud-del-inderbu-espacios-de-integracion-formacion-y-diversion\/decoracion\/'><img loading=\"lazy\" decoding=\"async\" width=\"1024\" height=\"682\" src=\"https:\/\/noticias.inderbu.gov.co\/wp-content\/uploads\/2018\/06\/decoracion-1024x682.jpeg\" class=\"attachment-large size-large no-lazy\" alt=\"\" aria-describedby=\"gallery-2-1373\" srcset=\"https:\/\/noticias.inderbu.gov.co\/wp-content\/uploads\/2018\/06\/decoracion-1024x682.jpeg 1024w, https:\/\/noticias.inderbu.gov.co\/wp-content\/uploads\/2018\/06\/decoracion-300x200.jpeg 300w, https:\/\/noticias.inderbu.gov.co\/wp-content\/uploads\/2018\/06\/decoracion-768x512.jpeg 768w, https:\/\/noticias.inderbu.gov.co\/wp-content\/uploads\/2018\/06\/decoracion-e1529081176385.jpeg 871w\" sizes=\"auto, (max-width: 1024px) 100vw, 1024px\" \/><\/a>\n\t\t\t<\/dt>\n\t\t\t\t<dd class='wp-caption-text gallery-caption' id='gallery-2-1373'>\n\t\t\t\tCapacitaci\u00f3n en manualidades\n\t\t\t\t<\/dd><\/dl><dl class='gallery-item'>\n\t\t\t<dt class='gallery-icon landscape'>\n\t\t\t\t<a href='https:\/\/noticias.inderbu.gov.co\/index.php\/2018\/06\/15\/casas-de-juventud-del-inderbu-espacios-de-integracion-formacion-y-diversion\/manualidades-para-jovenes-3\/'><img loading=\"lazy\" decoding=\"async\" width=\"1024\" height=\"682\" src=\"https:\/\/noticias.inderbu.gov.co\/wp-content\/uploads\/2018\/06\/manualidades-para-jovenes-1024x682.jpeg\" class=\"attachment-large size-large no-lazy\" alt=\"\" aria-describedby=\"gallery-2-1374\" srcset=\"https:\/\/noticias.inderbu.gov.co\/wp-content\/uploads\/2018\/06\/manualidades-para-jovenes-1024x682.jpeg 1024w, https:\/\/noticias.inderbu.gov.co\/wp-content\/uploads\/2018\/06\/manualidades-para-jovenes-300x200.jpeg 300w, https:\/\/noticias.inderbu.gov.co\/wp-content\/uploads\/2018\/06\/manualidades-para-jovenes-768x512.jpeg 768w, https:\/\/noticias.inderbu.gov.co\/wp-content\/uploads\/2018\/06\/manualidades-para-jovenes-e1529948580804.jpeg 871w\" sizes=\"auto, (max-width: 1024px) 100vw, 1024px\" \/><\/a>\n\t\t\t<\/dt>\n\t\t\t\t<dd class='wp-caption-text gallery-caption' id='gallery-2-1374'>\n\t\t\t\tManualidades para j\u00f3venes\n\t\t\t\t<\/dd><\/dl><br style=\"clear: both\" \/>\n\t\t<\/div>\n\n\n\t\t<style>\n\t\t\t#gallery-3 {\n\t\t\t\tmargin: auto;\n\t\t\t}\n\t\t\t#gallery-3 .gallery-item {\n\t\t\t\tfloat: left;\n\t\t\t\tmargin-top: 10px;\n\t\t\t\ttext-align: center;\n\t\t\t\twidth: 50%;\n\t\t\t}\n\t\t\t#gallery-3 img {\n\t\t\t\tborder: 2px solid #cfcfcf;\n\t\t\t}\n\t\t\t#gallery-3 .gallery-caption {\n\t\t\t\tmargin-left: 0;\n\t\t\t}\n\t\t\t\/* see gallery_shortcode() in wp-includes\/media.php *\/\n\t\t<\/style>\n\t\t<div id='gallery-3' class='gallery galleryid-1367 gallery-columns-2 gallery-size-large'><dl class='gallery-item'>\n\t\t\t<dt class='gallery-icon landscape'>\n\t\t\t\t<a href='https:\/\/noticias.inderbu.gov.co\/index.php\/2018\/06\/15\/casas-de-juventud-del-inderbu-espacios-de-integracion-formacion-y-diversion\/img_20180410_145557\/'><img loading=\"lazy\" decoding=\"async\" width=\"1024\" height=\"768\" src=\"https:\/\/noticias.inderbu.gov.co\/wp-content\/uploads\/2018\/06\/IMG_20180410_145557-1024x768.jpg\" class=\"attachment-large size-large no-lazy\" alt=\"\" aria-describedby=\"gallery-3-1378\" srcset=\"https:\/\/noticias.inderbu.gov.co\/wp-content\/uploads\/2018\/06\/IMG_20180410_145557-1024x768.jpg 1024w, https:\/\/noticias.inderbu.gov.co\/wp-content\/uploads\/2018\/06\/IMG_20180410_145557-300x225.jpg 300w, https:\/\/noticias.inderbu.gov.co\/wp-content\/uploads\/2018\/06\/IMG_20180410_145557-768x576.jpg 768w, https:\/\/noticias.inderbu.gov.co\/wp-content\/uploads\/2018\/06\/IMG_20180410_145557-e1529083557744.jpg 871w\" sizes=\"auto, (max-width: 1024px) 100vw, 1024px\" \/><\/a>\n\t\t\t<\/dt>\n\t\t\t\t<dd class='wp-caption-text gallery-caption' id='gallery-3-1378'>\n\t\t\t\tTaller de m\u00fasica en barrio Bucaramanga\n\t\t\t\t<\/dd><\/dl><dl class='gallery-item'>\n\t\t\t<dt class='gallery-icon landscape'>\n\t\t\t\t<a href='https:\/\/noticias.inderbu.gov.co\/index.php\/2018\/06\/15\/casas-de-juventud-del-inderbu-espacios-de-integracion-formacion-y-diversion\/danzas-centro-cultural1\/'><img loading=\"lazy\" decoding=\"async\" width=\"1024\" height=\"614\" src=\"https:\/\/noticias.inderbu.gov.co\/wp-content\/uploads\/2018\/06\/danzas-Centro-cultural1-1024x614.jpg\" class=\"attachment-large size-large no-lazy\" alt=\"\" aria-describedby=\"gallery-3-1379\" srcset=\"https:\/\/noticias.inderbu.gov.co\/wp-content\/uploads\/2018\/06\/danzas-Centro-cultural1-1024x614.jpg 1024w, https:\/\/noticias.inderbu.gov.co\/wp-content\/uploads\/2018\/06\/danzas-Centro-cultural1-300x180.jpg 300w, https:\/\/noticias.inderbu.gov.co\/wp-content\/uploads\/2018\/06\/danzas-Centro-cultural1-768x461.jpg 768w, https:\/\/noticias.inderbu.gov.co\/wp-content\/uploads\/2018\/06\/danzas-Centro-cultural1-e1529083660510.jpg 871w\" sizes=\"auto, (max-width: 1024px) 100vw, 1024px\" \/><\/a>\n\t\t\t<\/dt>\n\t\t\t\t<dd class='wp-caption-text gallery-caption' id='gallery-3-1379'>\n\t\t\t\tDanzas en el Centro Cultural \n\t\t\t\t<\/dd><\/dl><br style=\"clear: both\" \/>\n\t\t<\/div>\n\n\n\t\t<style>\n\t\t\t#gallery-4 {\n\t\t\t\tmargin: auto;\n\t\t\t}\n\t\t\t#gallery-4 .gallery-item {\n\t\t\t\tfloat: left;\n\t\t\t\tmargin-top: 10px;\n\t\t\t\ttext-align: center;\n\t\t\t\twidth: 50%;\n\t\t\t}\n\t\t\t#gallery-4 img {\n\t\t\t\tborder: 2px solid #cfcfcf;\n\t\t\t}\n\t\t\t#gallery-4 .gallery-caption {\n\t\t\t\tmargin-left: 0;\n\t\t\t}\n\t\t\t\/* see gallery_shortcode() in wp-includes\/media.php *\/\n\t\t<\/style>\n\t\t<div id='gallery-4' class='gallery galleryid-1367 gallery-columns-2 gallery-size-large'><dl class='gallery-item'>\n\t\t\t<dt class='gallery-icon landscape'>\n\t\t\t\t<a href='https:\/\/noticias.inderbu.gov.co\/index.php\/2018\/06\/15\/casas-de-juventud-del-inderbu-espacios-de-integracion-formacion-y-diversion\/cineforos\/'><img loading=\"lazy\" decoding=\"async\" width=\"1024\" height=\"768\" src=\"https:\/\/noticias.inderbu.gov.co\/wp-content\/uploads\/2018\/06\/cineforos-1024x768.jpg\" class=\"attachment-large size-large no-lazy\" alt=\"\" aria-describedby=\"gallery-4-1380\" srcset=\"https:\/\/noticias.inderbu.gov.co\/wp-content\/uploads\/2018\/06\/cineforos-1024x768.jpg 1024w, https:\/\/noticias.inderbu.gov.co\/wp-content\/uploads\/2018\/06\/cineforos-300x225.jpg 300w, https:\/\/noticias.inderbu.gov.co\/wp-content\/uploads\/2018\/06\/cineforos-768x576.jpg 768w\" sizes=\"auto, (max-width: 1024px) 100vw, 1024px\" \/><\/a>\n\t\t\t<\/dt>\n\t\t\t\t<dd class='wp-caption-text gallery-caption' id='gallery-4-1380'>\n\t\t\t\tCineforos en Casas de Juventud\n\t\t\t\t<\/dd><\/dl><dl class='gallery-item'>\n\t\t\t<dt class='gallery-icon landscape'>\n\t\t\t\t<a href='https:\/\/noticias.inderbu.gov.co\/index.php\/2018\/06\/15\/casas-de-juventud-del-inderbu-espacios-de-integracion-formacion-y-diversion\/img_1323\/'><img loading=\"lazy\" decoding=\"async\" width=\"1024\" height=\"768\" src=\"https:\/\/noticias.inderbu.gov.co\/wp-content\/uploads\/2018\/06\/IMG_1323-1024x768.jpg\" class=\"attachment-large size-large no-lazy\" alt=\"\" aria-describedby=\"gallery-4-1381\" srcset=\"https:\/\/noticias.inderbu.gov.co\/wp-content\/uploads\/2018\/06\/IMG_1323-1024x768.jpg 1024w, https:\/\/noticias.inderbu.gov.co\/wp-content\/uploads\/2018\/06\/IMG_1323-300x225.jpg 300w, https:\/\/noticias.inderbu.gov.co\/wp-content\/uploads\/2018\/06\/IMG_1323-768x576.jpg 768w, https:\/\/noticias.inderbu.gov.co\/wp-content\/uploads\/2018\/06\/IMG_1323-e1529084063196.jpg 871w\" sizes=\"auto, (max-width: 1024px) 100vw, 1024px\" \/><\/a>\n\t\t\t<\/dt>\n\t\t\t\t<dd class='wp-caption-text gallery-caption' id='gallery-4-1381'>\n\t\t\t\tRecreaci\u00f3n Casa de Juventud en Campo Hermoso\n\t\t\t\t<\/dd><\/dl><br style=\"clear: both\" \/>\n\t\t<\/div>\n\n<p>&nbsp;<\/p>\n","protected":false},"excerpt":{"rendered":"<p>El INDERBU ofrece seis casas de la Juventud ubicadas en diferentes sectores de la ciudad, que mediante una oferta program\u00e1tica&#46;&#46;&#46;<\/p>\n","protected":false},"author":3,"featured_media":1370,"comment_status":"closed","ping_status":"open","sticky":false,"template":"","format":"standard","meta":{"_bbp_topic_count":0,"_bbp_reply_count":0,"_bbp_total_topic_count":0,"_bbp_total_reply_count":0,"_bbp_voice_count":0,"_bbp_anonymous_reply_count":0,"_bbp_topic_count_hidden":0,"_bbp_reply_count_hidden":0,"_bbp_forum_subforum_count":0,"footnotes":""},"categories":[13,4],"tags":[31,24],"class_list":["post-1367","post","type-post","status-publish","format-standard","has-post-thumbnail","hentry","category-juventud","category-noticias","tag-casas-de-juventud","tag-juventud"],"_links":{"self":[{"href":"https:\/\/noticias.inderbu.gov.co\/index.php\/wp-json\/wp\/v2\/posts\/1367","targetHints":{"allow":["GET"]}}],"collection":[{"href":"https:\/\/noticias.inderbu.gov.co\/index.php\/wp-json\/wp\/v2\/posts"}],"about":[{"href":"https:\/\/noticias.inderbu.gov.co\/index.php\/wp-json\/wp\/v2\/types\/post"}],"author":[{"embeddable":true,"href":"https:\/\/noticias.inderbu.gov.co\/index.php\/wp-json\/wp\/v2\/users\/3"}],"replies":[{"embeddable":true,"href":"https:\/\/noticias.inderbu.gov.co\/index.php\/wp-json\/wp\/v2\/comments?post=1367"}],"version-history":[{"count":4,"href":"https:\/\/noticias.inderbu.gov.co\/index.php\/wp-json\/wp\/v2\/posts\/1367\/revisions"}],"predecessor-version":[{"id":1386,"href":"https:\/\/noticias.inderbu.gov.co\/index.php\/wp-json\/wp\/v2\/posts\/1367\/revisions\/1386"}],"wp:featuredmedia":[{"embeddable":true,"href":"https:\/\/noticias.inderbu.gov.co\/index.php\/wp-json\/wp\/v2\/media\/1370"}],"wp:attachment":[{"href":"https:\/\/noticias.inderbu.gov.co\/index.php\/wp-json\/wp\/v2\/media?parent=1367"}],"wp:term":[{"taxonomy":"category","embeddable":true,"href":"https:\/\/noticias.inderbu.gov.co\/index.php\/wp-json\/wp\/v2\/categories?post=1367"},{"taxonomy":"post_tag","embeddable":true,"href":"https:\/\/noticias.inderbu.gov.co\/index.php\/wp-json\/wp\/v2\/tags?post=1367"}],"curies":[{"name":"wp","href":"https:\/\/api.w.org\/{rel}","templated":true}]}}