{"id":1328,"date":"2018-06-07T17:21:04","date_gmt":"2018-06-07T22:21:04","guid":{"rendered":"http:\/\/noticias.inderbu.gov.co\/?p=1328"},"modified":"2018-06-07T17:21:04","modified_gmt":"2018-06-07T22:21:04","slug":"con-festival-de-habilidades-motrices-se-clausura-ciclo-de-capacitacion-a-madres-comunitarias","status":"publish","type":"post","link":"https:\/\/noticias.inderbu.gov.co\/index.php\/2018\/06\/07\/con-festival-de-habilidades-motrices-se-clausura-ciclo-de-capacitacion-a-madres-comunitarias\/","title":{"rendered":"Con festival de habilidades motrices se clausura ciclo de capacitaci\u00f3n a madres comunitarias"},"content":{"rendered":"<p style=\"text-align: justify;\"><strong>El INDERBU imparti\u00f3 cuatro sesiones de talleres de recreaci\u00f3n y fortalecimiento del desarrollo motriz en la primera infancia a madres comunitarias del ICBF, con el objeto de cualificar el talento y beneficiar a los ni\u00f1os que asisten a los hogares infantiles. <\/strong><\/p>\n<div id=\"attachment_1329\" style=\"width: 881px\" class=\"wp-caption alignnone\"><img loading=\"lazy\" decoding=\"async\" aria-describedby=\"caption-attachment-1329\" class=\"size-full wp-image-1329\" src=\"http:\/\/noticias.inderbu.gov.co\/wp-content\/uploads\/2018\/06\/FESTIVAL-NI\u00d1OS-ICBF-e1528409646944.jpg\" alt=\"\" width=\"871\" height=\"489\" \/><p id=\"caption-attachment-1329\" class=\"wp-caption-text\">Festival Habilidades Motrices<\/p><\/div>\n<p style=\"text-align: justify;\">Aproximadamente 500 ni\u00f1os participaron en el festival de habilidades motrices en el coliseo Bicentenario, que clausur\u00f3 todo el proceso de cualificaci\u00f3n del talento humano de 100 madres comunitarias pertenecientes a siete n\u00facleos del ICBF.<\/p>\n<div id=\"attachment_1330\" style=\"width: 881px\" class=\"wp-caption alignnone\"><img loading=\"lazy\" decoding=\"async\" aria-describedby=\"caption-attachment-1330\" class=\"size-full wp-image-1330\" src=\"http:\/\/noticias.inderbu.gov.co\/wp-content\/uploads\/2018\/06\/capacita-madres-icbf2-e1528409726402.jpg\" alt=\"\" width=\"871\" height=\"489\" \/><p id=\"caption-attachment-1330\" class=\"wp-caption-text\">Capacitaci\u00f3n a madres comunitarias del ICBF<\/p><\/div>\n<p style=\"text-align: justify;\">Se realizaron diferentes circuitos que evidenciaron las destrezas b\u00e1sicas de los ni\u00f1os como reptar, saltar, correr, lanzar pelota, as\u00ed como otros avances en materia de coordinaci\u00f3n y equilibrio.<\/p>\n\n\t\t<style>\n\t\t\t#gallery-1 {\n\t\t\t\tmargin: auto;\n\t\t\t}\n\t\t\t#gallery-1 .gallery-item {\n\t\t\t\tfloat: left;\n\t\t\t\tmargin-top: 10px;\n\t\t\t\ttext-align: center;\n\t\t\t\twidth: 50%;\n\t\t\t}\n\t\t\t#gallery-1 img {\n\t\t\t\tborder: 2px solid #cfcfcf;\n\t\t\t}\n\t\t\t#gallery-1 .gallery-caption {\n\t\t\t\tmargin-left: 0;\n\t\t\t}\n\t\t\t\/* see gallery_shortcode() in wp-includes\/media.php *\/\n\t\t<\/style>\n\t\t<div id='gallery-1' class='gallery galleryid-1328 gallery-columns-2 gallery-size-large'><dl class='gallery-item'>\n\t\t\t<dt class='gallery-icon portrait'>\n\t\t\t\t<a href='https:\/\/noticias.inderbu.gov.co\/index.php\/2018\/06\/07\/con-festival-de-habilidades-motrices-se-clausura-ciclo-de-capacitacion-a-madres-comunitarias\/img_20180607_152608\/'><img loading=\"lazy\" decoding=\"async\" width=\"575\" height=\"1024\" src=\"https:\/\/noticias.inderbu.gov.co\/wp-content\/uploads\/2018\/06\/IMG_20180607_152608-575x1024.jpg\" class=\"attachment-large size-large no-lazy\" alt=\"\" aria-describedby=\"gallery-1-1331\" srcset=\"https:\/\/noticias.inderbu.gov.co\/wp-content\/uploads\/2018\/06\/IMG_20180607_152608-575x1024.jpg 575w, https:\/\/noticias.inderbu.gov.co\/wp-content\/uploads\/2018\/06\/IMG_20180607_152608-168x300.jpg 168w, https:\/\/noticias.inderbu.gov.co\/wp-content\/uploads\/2018\/06\/IMG_20180607_152608-768x1368.jpg 768w, https:\/\/noticias.inderbu.gov.co\/wp-content\/uploads\/2018\/06\/IMG_20180607_152608-e1528409806628.jpg 386w\" sizes=\"auto, (max-width: 575px) 100vw, 575px\" \/><\/a>\n\t\t\t<\/dt>\n\t\t\t\t<dd class='wp-caption-text gallery-caption' id='gallery-1-1331'>\n\t\t\t\tFestival Habilidades\n\t\t\t\t<\/dd><\/dl><dl class='gallery-item'>\n\t\t\t<dt class='gallery-icon portrait'>\n\t\t\t\t<a href='https:\/\/noticias.inderbu.gov.co\/index.php\/2018\/06\/07\/con-festival-de-habilidades-motrices-se-clausura-ciclo-de-capacitacion-a-madres-comunitarias\/img_20180607_152647\/'><img loading=\"lazy\" decoding=\"async\" width=\"575\" height=\"1024\" src=\"https:\/\/noticias.inderbu.gov.co\/wp-content\/uploads\/2018\/06\/IMG_20180607_152647-575x1024.jpg\" class=\"attachment-large size-large no-lazy\" alt=\"\" aria-describedby=\"gallery-1-1332\" srcset=\"https:\/\/noticias.inderbu.gov.co\/wp-content\/uploads\/2018\/06\/IMG_20180607_152647-575x1024.jpg 575w, https:\/\/noticias.inderbu.gov.co\/wp-content\/uploads\/2018\/06\/IMG_20180607_152647-168x300.jpg 168w, https:\/\/noticias.inderbu.gov.co\/wp-content\/uploads\/2018\/06\/IMG_20180607_152647-768x1368.jpg 768w, https:\/\/noticias.inderbu.gov.co\/wp-content\/uploads\/2018\/06\/IMG_20180607_152647-e1528409879714.jpg 386w\" sizes=\"auto, (max-width: 575px) 100vw, 575px\" \/><\/a>\n\t\t\t<\/dt>\n\t\t\t\t<dd class='wp-caption-text gallery-caption' id='gallery-1-1332'>\n\t\t\t\tFestival de Habilidades\n\t\t\t\t<\/dd><\/dl><br style=\"clear: both\" \/>\n\t\t<\/div>\n\n<p style=\"text-align: justify;\">Los talleres que el INDERBU certificar\u00e1 a las madres comunitarias se basaron en las tem\u00e1ticas:<\/p>\n<ul>\n<li style=\"text-align: justify;\">Tipos y principios de la recreaci\u00f3n: formaci\u00f3n en valores, recreaci\u00f3n integral y el papel del recreador.<\/li>\n<li style=\"text-align: justify;\">Plan Nacional de Recreaci\u00f3n para la Primera Infancia.<\/li>\n<li style=\"text-align: justify;\">Programa de recreaci\u00f3n de Coldeportes para primera infancia, \u201cMandala Vida con 24 actividades de desarrollo integral para los ni\u00f1os\u201d.<\/li>\n<li style=\"text-align: justify;\">Manejo de grupo.<\/li>\n<li style=\"text-align: justify;\">Posici\u00f3n del orientador en las actividades de recreaci\u00f3n.<\/li>\n<li style=\"text-align: justify;\">Pr\u00e1ctica con el festival de habilidades motrices en el coliseo Bicentenario.<\/li>\n<\/ul>\n<div style=\"width: 1280px;\" class=\"wp-video\"><!--[if lt IE 9]><script>document.createElement('video');<\/script><![endif]-->\n<video class=\"wp-video-shortcode\" id=\"video-1328-1\" width=\"1280\" height=\"720\" preload=\"metadata\" controls=\"controls\"><source type=\"video\/mp4\" src=\"http:\/\/noticias.inderbu.gov.co\/wp-content\/uploads\/2018\/06\/VID_20180607_144731.mp4?_=1\" \/><a href=\"http:\/\/noticias.inderbu.gov.co\/wp-content\/uploads\/2018\/06\/VID_20180607_144731.mp4\">http:\/\/noticias.inderbu.gov.co\/wp-content\/uploads\/2018\/06\/VID_20180607_144731.mp4<\/a><\/video><\/div>\n<p><em><strong>Isis Jurado \/ Madre comunitaria ICBF<\/strong><\/em><\/p>\n","protected":false},"excerpt":{"rendered":"<p>El INDERBU imparti\u00f3 cuatro sesiones de talleres de recreaci\u00f3n y fortalecimiento del desarrollo motriz en la primera infancia a madres&#46;&#46;&#46;<\/p>\n","protected":false},"author":3,"featured_media":1329,"comment_status":"closed","ping_status":"open","sticky":false,"template":"","format":"standard","meta":{"_bbp_topic_count":0,"_bbp_reply_count":0,"_bbp_total_topic_count":0,"_bbp_total_reply_count":0,"_bbp_voice_count":0,"_bbp_anonymous_reply_count":0,"_bbp_topic_count_hidden":0,"_bbp_reply_count_hidden":0,"_bbp_forum_subforum_count":0,"footnotes":""},"categories":[6,4,8],"tags":[],"class_list":["post-1328","post","type-post","status-publish","format-standard","has-post-thumbnail","hentry","category-actifisica","category-noticias","category-recreacion"],"_links":{"self":[{"href":"https:\/\/noticias.inderbu.gov.co\/index.php\/wp-json\/wp\/v2\/posts\/1328","targetHints":{"allow":["GET"]}}],"collection":[{"href":"https:\/\/noticias.inderbu.gov.co\/index.php\/wp-json\/wp\/v2\/posts"}],"about":[{"href":"https:\/\/noticias.inderbu.gov.co\/index.php\/wp-json\/wp\/v2\/types\/post"}],"author":[{"embeddable":true,"href":"https:\/\/noticias.inderbu.gov.co\/index.php\/wp-json\/wp\/v2\/users\/3"}],"replies":[{"embeddable":true,"href":"https:\/\/noticias.inderbu.gov.co\/index.php\/wp-json\/wp\/v2\/comments?post=1328"}],"version-history":[{"count":1,"href":"https:\/\/noticias.inderbu.gov.co\/index.php\/wp-json\/wp\/v2\/posts\/1328\/revisions"}],"predecessor-version":[{"id":1334,"href":"https:\/\/noticias.inderbu.gov.co\/index.php\/wp-json\/wp\/v2\/posts\/1328\/revisions\/1334"}],"wp:featuredmedia":[{"embeddable":true,"href":"https:\/\/noticias.inderbu.gov.co\/index.php\/wp-json\/wp\/v2\/media\/1329"}],"wp:attachment":[{"href":"https:\/\/noticias.inderbu.gov.co\/index.php\/wp-json\/wp\/v2\/media?parent=1328"}],"wp:term":[{"taxonomy":"category","embeddable":true,"href":"https:\/\/noticias.inderbu.gov.co\/index.php\/wp-json\/wp\/v2\/categories?post=1328"},{"taxonomy":"post_tag","embeddable":true,"href":"https:\/\/noticias.inderbu.gov.co\/index.php\/wp-json\/wp\/v2\/tags?post=1328"}],"curies":[{"name":"wp","href":"https:\/\/api.w.org\/{rel}","templated":true}]}}