{"id":1312,"date":"2018-06-05T16:10:30","date_gmt":"2018-06-05T21:10:30","guid":{"rendered":"http:\/\/noticias.inderbu.gov.co\/?p=1312"},"modified":"2018-06-05T16:10:30","modified_gmt":"2018-06-05T21:10:30","slug":"el-coliseo-bicentenario-estara-de-puertas-abiertas-para-que-los-bumangueses-puedan-ver-el-mundial","status":"publish","type":"post","link":"https:\/\/noticias.inderbu.gov.co\/index.php\/2018\/06\/05\/el-coliseo-bicentenario-estara-de-puertas-abiertas-para-que-los-bumangueses-puedan-ver-el-mundial\/","title":{"rendered":"El Coliseo Bicentenario estar\u00e1 de puertas abiertas para que los bumangueses puedan ver el Mundial"},"content":{"rendered":"<p><em>As\u00ed lo dio a conocer<\/em>\u00a0<em>Consuelo Rodr\u00edguez Gil, directora del Instituto para la Juventud, el Deporte y la Recreaci\u00f3n de Bucaramanga, INDERBU.\u00a0\u00a0Cabe recordar que el pr\u00f3ximo 14 de junio inicia la competencia orbital.<\/em><\/p>\n<p><em>\u00a0<\/em><\/p>\n<div id=\"attachment_1313\" style=\"width: 881px\" class=\"wp-caption alignnone\"><img loading=\"lazy\" decoding=\"async\" aria-describedby=\"caption-attachment-1313\" class=\"size-full wp-image-1313\" src=\"http:\/\/noticias.inderbu.gov.co\/wp-content\/uploads\/2018\/06\/Coliseo-Bicentenario-.jpg\" alt=\"\" width=\"871\" height=\"386\" srcset=\"https:\/\/noticias.inderbu.gov.co\/wp-content\/uploads\/2018\/06\/Coliseo-Bicentenario-.jpg 871w, https:\/\/noticias.inderbu.gov.co\/wp-content\/uploads\/2018\/06\/Coliseo-Bicentenario--300x133.jpg 300w, https:\/\/noticias.inderbu.gov.co\/wp-content\/uploads\/2018\/06\/Coliseo-Bicentenario--768x340.jpg 768w\" sizes=\"auto, (max-width: 871px) 100vw, 871px\" \/><p id=\"caption-attachment-1313\" class=\"wp-caption-text\">Coliseo Bicentenario<\/p><\/div>\n<p><strong>Consuelo Rodr\u00edguez Gil, directora del INDERBU<\/strong><\/p>\n<!--[if lt IE 9]><script>document.createElement('audio');<\/script><![endif]-->\n<audio class=\"wp-audio-shortcode\" id=\"audio-1312-1\" preload=\"none\" style=\"width: 100%;\" controls=\"controls\"><source type=\"audio\/mpeg\" src=\"http:\/\/noticias.inderbu.gov.co\/wp-content\/uploads\/2018\/06\/AudioBicentenarioMundial.mp3?_=1\" \/><a href=\"http:\/\/noticias.inderbu.gov.co\/wp-content\/uploads\/2018\/06\/AudioBicentenarioMundial.mp3\">http:\/\/noticias.inderbu.gov.co\/wp-content\/uploads\/2018\/06\/AudioBicentenarioMundial.mp3<\/a><\/audio>\n<p>La mayor\u00eda de los encuentros deportivos se desarrollar\u00e1n en las horas de la ma\u00f1ana. El debut de la Selecci\u00f3n Colombia en el certamen de Rusia ser\u00e1 el 19 de junio, a las 7:00 a.m., ante el equipo de Jap\u00f3n.<\/p>\n<blockquote><p><em>\u201cQueremos que todas las familias y los j\u00f3venes se acerquen a observar los diferentes partidos en las pantallas del escenario. Esperamos en los entretiempos realizar concursos y actividades para fomentar el sano esparcimiento\u201d, dijo Rodr\u00edguez Gil.<\/em><\/p><\/blockquote>\n<p>Cabe decir que gracias a la gesti\u00f3n del Gobierno de los Ciudadanos este coliseo se convirti\u00f3, por su est\u00e9tica y calidad, en uno de los mejores del pa\u00eds y cuenta con una capacidad para 5.700 personas.<\/p>\n<blockquote><p><em>\u201cLos invitamos para que participen y disfruten en este lugar que tambi\u00e9n fue mundialista. Ser\u00e1 toda una fiesta\u201d, agreg\u00f3 la funcionaria.<\/em><\/p><\/blockquote>\n<p>Teniendo como base los principios de la l\u00f3gica, \u00e9tica y est\u00e9tica se trabaja para fomentar espacios de integraci\u00f3n entre las comunidades, en el marco de un evento que une al pa\u00eds. \u00a1Lo Estamos Haciendo!<\/p>\n<p>http:\/\/www.bucaramanga.gov.co\/noticias\/29244-2\/<\/p>\n","protected":false},"excerpt":{"rendered":"<p>As\u00ed lo dio a conocer\u00a0Consuelo Rodr\u00edguez Gil, directora del Instituto para la Juventud, el Deporte y la Recreaci\u00f3n de Bucaramanga,&#46;&#46;&#46;<\/p>\n","protected":false},"author":3,"featured_media":1313,"comment_status":"closed","ping_status":"open","sticky":false,"template":"","format":"standard","meta":{"_bbp_topic_count":0,"_bbp_reply_count":0,"_bbp_total_topic_count":0,"_bbp_total_reply_count":0,"_bbp_voice_count":0,"_bbp_anonymous_reply_count":0,"_bbp_topic_count_hidden":0,"_bbp_reply_count_hidden":0,"_bbp_forum_subforum_count":0,"footnotes":""},"categories":[29,4],"tags":[],"class_list":["post-1312","post","type-post","status-publish","format-standard","has-post-thumbnail","hentry","category-alcaldia-de-bucaramanga","category-noticias"],"_links":{"self":[{"href":"https:\/\/noticias.inderbu.gov.co\/index.php\/wp-json\/wp\/v2\/posts\/1312","targetHints":{"allow":["GET"]}}],"collection":[{"href":"https:\/\/noticias.inderbu.gov.co\/index.php\/wp-json\/wp\/v2\/posts"}],"about":[{"href":"https:\/\/noticias.inderbu.gov.co\/index.php\/wp-json\/wp\/v2\/types\/post"}],"author":[{"embeddable":true,"href":"https:\/\/noticias.inderbu.gov.co\/index.php\/wp-json\/wp\/v2\/users\/3"}],"replies":[{"embeddable":true,"href":"https:\/\/noticias.inderbu.gov.co\/index.php\/wp-json\/wp\/v2\/comments?post=1312"}],"version-history":[{"count":1,"href":"https:\/\/noticias.inderbu.gov.co\/index.php\/wp-json\/wp\/v2\/posts\/1312\/revisions"}],"predecessor-version":[{"id":1315,"href":"https:\/\/noticias.inderbu.gov.co\/index.php\/wp-json\/wp\/v2\/posts\/1312\/revisions\/1315"}],"wp:featuredmedia":[{"embeddable":true,"href":"https:\/\/noticias.inderbu.gov.co\/index.php\/wp-json\/wp\/v2\/media\/1313"}],"wp:attachment":[{"href":"https:\/\/noticias.inderbu.gov.co\/index.php\/wp-json\/wp\/v2\/media?parent=1312"}],"wp:term":[{"taxonomy":"category","embeddable":true,"href":"https:\/\/noticias.inderbu.gov.co\/index.php\/wp-json\/wp\/v2\/categories?post=1312"},{"taxonomy":"post_tag","embeddable":true,"href":"https:\/\/noticias.inderbu.gov.co\/index.php\/wp-json\/wp\/v2\/tags?post=1312"}],"curies":[{"name":"wp","href":"https:\/\/api.w.org\/{rel}","templated":true}]}}