{"id":1293,"date":"2018-05-29T11:59:31","date_gmt":"2018-05-29T16:59:31","guid":{"rendered":"http:\/\/noticias.inderbu.gov.co\/?p=1293"},"modified":"2018-05-29T12:16:07","modified_gmt":"2018-05-29T17:16:07","slug":"ciclopaseo-urbano-nocturno-mamas-al-pedal","status":"publish","type":"post","link":"https:\/\/noticias.inderbu.gov.co\/index.php\/2018\/05\/29\/ciclopaseo-urbano-nocturno-mamas-al-pedal\/","title":{"rendered":"Ciclopaseo Urbano Nocturno  \u201cMam\u00e1s al Pedal\u201d"},"content":{"rendered":"<p style=\"text-align: justify;\"><strong>Este jueves 31 de mayo, el INDERBU y la oficina de la Bicicleta, invitan al Ciclopaseo Urbano Nocturno \u201cMam\u00e1s al Pedal\u201d, con el prop\u00f3sito de vincular a las familias rodeando a las madres, para que disfruten de una jornada de actividad f\u00edsica a bordo de las bicicletas.<\/strong><\/p>\n<div id=\"attachment_1295\" style=\"width: 881px\" class=\"wp-caption alignnone\"><img loading=\"lazy\" decoding=\"async\" aria-describedby=\"caption-attachment-1295\" class=\"size-full wp-image-1295\" src=\"http:\/\/noticias.inderbu.gov.co\/wp-content\/uploads\/2018\/05\/PROM-CICLOPASEO-MAYO-e1527613116903.jpeg\" alt=\"\" width=\"871\" height=\"870\" \/><p id=\"caption-attachment-1295\" class=\"wp-caption-text\">Ciclopaseo Urbano \u00abMam\u00e1s al Pedal\u00bb<\/p><\/div>\n<p style=\"text-align: justify;\">El punto de encuentro es el parque de Los Ni\u00f1os a las 6:30 de la tarde, para partir a recorrer 11 kil\u00f3metros por las principales calles de la ciudad. Los ciclopaseos no son competitivos, sino recreativos y de integraci\u00f3n comunitaria, donde con la articulaci\u00f3n de esfuerzos interinstitucionales, de Bomberos y Direcci\u00f3n de Tr\u00e1nsito de Bucaramanga, Defensa Civil y Polic\u00eda Nacional, se brinda apoyo a todos los participantes y espectadores, en especial a los ciclistas rezagados.<\/p>\n<p style=\"text-align: justify;\"><strong>Los ciclistas tomar\u00e1n las siguientes v\u00edas<\/strong>: carrera 26, calle 32, carrera 28, calle 36, carrera 32, calle 41, carrera 29, parque de Las Palmas, carrera 29, calle 45, carrera 25, calle 39, carrera 19, calle 36, parque Garc\u00eda Rovira, calle 35, carrera 9, viaducto Provincial, calle 55, avenida Los B\u00facaros, Plaza Mayor, Carrera 12, parque Las Cigarras, calle 61, carrera 17, Calle 33, carrera 23, calle 30 y finaliza nuevamente en el parque de Los Ni\u00f1os.<\/p>\n<p style=\"text-align: justify;\"><strong>Recomendaciones: <\/strong><\/p>\n<ul>\n<li style=\"text-align: justify;\">Hidrataci\u00f3n antes, durante y al final de la actividad<\/li>\n<li style=\"text-align: justify;\">Elementos de seguridad como casco y chaleco reflectivo<\/li>\n<li style=\"text-align: justify;\">Respetar las se\u00f1ales de tr\u00e1nsito y no adelantarse a la caravana cicl\u00edstica<\/li>\n<li style=\"text-align: justify;\">Ropa c\u00f3moda deportiva<\/li>\n<li style=\"text-align: justify;\">La mejor disposici\u00f3n y actitud para disfrutar del paisaje urbano rodeado de comunidad.<\/li>\n<\/ul>\n","protected":false},"excerpt":{"rendered":"<p>Este jueves 31 de mayo, el INDERBU y la oficina de la Bicicleta, invitan al Ciclopaseo Urbano Nocturno \u201cMam\u00e1s al&#46;&#46;&#46;<\/p>\n","protected":false},"author":3,"featured_media":1300,"comment_status":"closed","ping_status":"open","sticky":false,"template":"","format":"standard","meta":{"_bbp_topic_count":0,"_bbp_reply_count":0,"_bbp_total_topic_count":0,"_bbp_total_reply_count":0,"_bbp_voice_count":0,"_bbp_anonymous_reply_count":0,"_bbp_topic_count_hidden":0,"_bbp_reply_count_hidden":0,"_bbp_forum_subforum_count":0,"footnotes":""},"categories":[6,4],"tags":[],"class_list":["post-1293","post","type-post","status-publish","format-standard","has-post-thumbnail","hentry","category-actifisica","category-noticias"],"_links":{"self":[{"href":"https:\/\/noticias.inderbu.gov.co\/index.php\/wp-json\/wp\/v2\/posts\/1293","targetHints":{"allow":["GET"]}}],"collection":[{"href":"https:\/\/noticias.inderbu.gov.co\/index.php\/wp-json\/wp\/v2\/posts"}],"about":[{"href":"https:\/\/noticias.inderbu.gov.co\/index.php\/wp-json\/wp\/v2\/types\/post"}],"author":[{"embeddable":true,"href":"https:\/\/noticias.inderbu.gov.co\/index.php\/wp-json\/wp\/v2\/users\/3"}],"replies":[{"embeddable":true,"href":"https:\/\/noticias.inderbu.gov.co\/index.php\/wp-json\/wp\/v2\/comments?post=1293"}],"version-history":[{"count":1,"href":"https:\/\/noticias.inderbu.gov.co\/index.php\/wp-json\/wp\/v2\/posts\/1293\/revisions"}],"predecessor-version":[{"id":1296,"href":"https:\/\/noticias.inderbu.gov.co\/index.php\/wp-json\/wp\/v2\/posts\/1293\/revisions\/1296"}],"wp:featuredmedia":[{"embeddable":true,"href":"https:\/\/noticias.inderbu.gov.co\/index.php\/wp-json\/wp\/v2\/media\/1300"}],"wp:attachment":[{"href":"https:\/\/noticias.inderbu.gov.co\/index.php\/wp-json\/wp\/v2\/media?parent=1293"}],"wp:term":[{"taxonomy":"category","embeddable":true,"href":"https:\/\/noticias.inderbu.gov.co\/index.php\/wp-json\/wp\/v2\/categories?post=1293"},{"taxonomy":"post_tag","embeddable":true,"href":"https:\/\/noticias.inderbu.gov.co\/index.php\/wp-json\/wp\/v2\/tags?post=1293"}],"curies":[{"name":"wp","href":"https:\/\/api.w.org\/{rel}","templated":true}]}}