{"id":1153,"date":"2018-05-09T16:27:28","date_gmt":"2018-05-09T21:27:28","guid":{"rendered":"http:\/\/noticias.inderbu.gov.co\/?p=1153"},"modified":"2018-05-09T16:27:28","modified_gmt":"2018-05-09T21:27:28","slug":"plataforma-de-juventud-convoca-a-asamblea","status":"publish","type":"post","link":"https:\/\/noticias.inderbu.gov.co\/index.php\/2018\/05\/09\/plataforma-de-juventud-convoca-a-asamblea\/","title":{"rendered":"Plataforma de Juventud convoca a asamblea"},"content":{"rendered":"<p style=\"text-align: justify;\"><strong>Para este s\u00e1bado 12 de mayo la Plataforma de Juventud del municipio de Bucaramanga, cita a asamblea extraordinaria en el sal\u00f3n de medios del Coliseo Bicentenario, a las 8:00 de la ma\u00f1ana. <\/strong><\/p>\n<div id=\"attachment_1154\" style=\"width: 881px\" class=\"wp-caption alignnone\"><img loading=\"lazy\" decoding=\"async\" aria-describedby=\"caption-attachment-1154\" class=\"wp-image-1154 size-full\" src=\"http:\/\/noticias.inderbu.gov.co\/wp-content\/uploads\/2018\/05\/PARTICIPACION-JUVENIL-e1525901213998.jpg\" alt=\"\" width=\"871\" height=\"446\" \/><p id=\"caption-attachment-1154\" class=\"wp-caption-text\">Eventos Plataforma Juvenil de Bucaramanga<\/p><\/div>\n<p style=\"text-align: justify;\">El \u00f3rgano de car\u00e1cter aut\u00f3nomo asesor, que, seg\u00fan el estatuto de ciudadan\u00eda juvenil, articula, coordina y concierta a las juventudes en Bucaramanga, invita a las 33 organizaciones juveniles que la conforman, para modificar los estatutos y reglamento interno, con miras a la elecci\u00f3n o ratificaci\u00f3n de la Junta Directiva.<\/p>\n<div id=\"attachment_1151\" style=\"width: 1290px\" class=\"wp-caption alignnone\"><img loading=\"lazy\" decoding=\"async\" aria-describedby=\"caption-attachment-1151\" class=\"size-full wp-image-1151\" src=\"http:\/\/noticias.inderbu.gov.co\/wp-content\/uploads\/2018\/05\/Logo-plataforma.jpeg\" alt=\"\" width=\"1280\" height=\"879\" srcset=\"https:\/\/noticias.inderbu.gov.co\/wp-content\/uploads\/2018\/05\/Logo-plataforma.jpeg 1280w, https:\/\/noticias.inderbu.gov.co\/wp-content\/uploads\/2018\/05\/Logo-plataforma-300x206.jpeg 300w, https:\/\/noticias.inderbu.gov.co\/wp-content\/uploads\/2018\/05\/Logo-plataforma-768x527.jpeg 768w, https:\/\/noticias.inderbu.gov.co\/wp-content\/uploads\/2018\/05\/Logo-plataforma-1024x703.jpeg 1024w\" sizes=\"auto, (max-width: 1280px) 100vw, 1280px\" \/><p id=\"caption-attachment-1151\" class=\"wp-caption-text\">Logos\u00edmbolo Plataforma de Juventud de Bucaramanga<\/p><\/div>\n<p style=\"text-align: justify;\">Se espera con estos espacios de participaci\u00f3n, incentivar la vinculaci\u00f3n de otras organizaciones juveniles, que tambi\u00e9n pueden asistir a esta primera asamblea con plazo de inscripci\u00f3n a la Plataforma hasta el 11 de mayo.\u00a0 A partir del 15 de mayo, se reanudar\u00e1n inscripciones para las organizaciones juveniles que deseen ser parte de la Plataforma, pudiendo asistir a futuros encuentros como reuniones, eventos y asambleas organizadas por el ente.<\/p>\n<blockquote>\n<p style=\"text-align: justify;\">\u201cPueden vincularse las organizaciones juveniles formalmente constituidas, con personer\u00eda jur\u00eddica; no formalmente constituidas, que sin tener personer\u00eda jur\u00eddica, son legales mediante documento privado; y las informales que se generan de manera espont\u00e1nea\u201d<em>. <\/em><em>manifest\u00f3 Miguel Aguilar, CPS Procesos de participaci\u00f3n ciudadana juvenil. <\/em><\/p>\n<\/blockquote>\n<p style=\"text-align: justify;\">Las organizaciones interesadas en ser parte de la Plataforma de Juventud de Bucaramanga pueden descargar el siguiente formulario:<\/p>\n<p><a href=\"http:\/\/noticias.inderbu.gov.co\/wp-content\/uploads\/2018\/05\/FORMATO-INSCRIPCION-ORGANIZACIONES-JUVENILES.pdf\">FORMATO INSCRIPCION ORGANIZACIONES JUVENILES<\/a><\/p>\n<p style=\"text-align: justify;\">Se debe diligenciar, adjuntar documentos de conformaci\u00f3n de la organizaci\u00f3n y radicarlo en la ventanilla \u00fanica del INDERBU que funciona de 8:00 a 12 y de 2:00 a 4:30 de la tarde en las instalaciones del coliseo Bicentenario.<\/p>\n<p style=\"text-align: justify;\">\n","protected":false},"excerpt":{"rendered":"<p>Para este s\u00e1bado 12 de mayo la Plataforma de Juventud del municipio de Bucaramanga, cita a asamblea extraordinaria en el&#46;&#46;&#46;<\/p>\n","protected":false},"author":3,"featured_media":1155,"comment_status":"closed","ping_status":"open","sticky":false,"template":"","format":"standard","meta":{"_bbp_topic_count":0,"_bbp_reply_count":0,"_bbp_total_topic_count":0,"_bbp_total_reply_count":0,"_bbp_voice_count":0,"_bbp_anonymous_reply_count":0,"_bbp_topic_count_hidden":0,"_bbp_reply_count_hidden":0,"_bbp_forum_subforum_count":0,"footnotes":""},"categories":[13,4],"tags":[],"class_list":["post-1153","post","type-post","status-publish","format-standard","has-post-thumbnail","hentry","category-juventud","category-noticias"],"_links":{"self":[{"href":"https:\/\/noticias.inderbu.gov.co\/index.php\/wp-json\/wp\/v2\/posts\/1153","targetHints":{"allow":["GET"]}}],"collection":[{"href":"https:\/\/noticias.inderbu.gov.co\/index.php\/wp-json\/wp\/v2\/posts"}],"about":[{"href":"https:\/\/noticias.inderbu.gov.co\/index.php\/wp-json\/wp\/v2\/types\/post"}],"author":[{"embeddable":true,"href":"https:\/\/noticias.inderbu.gov.co\/index.php\/wp-json\/wp\/v2\/users\/3"}],"replies":[{"embeddable":true,"href":"https:\/\/noticias.inderbu.gov.co\/index.php\/wp-json\/wp\/v2\/comments?post=1153"}],"version-history":[{"count":1,"href":"https:\/\/noticias.inderbu.gov.co\/index.php\/wp-json\/wp\/v2\/posts\/1153\/revisions"}],"predecessor-version":[{"id":1157,"href":"https:\/\/noticias.inderbu.gov.co\/index.php\/wp-json\/wp\/v2\/posts\/1153\/revisions\/1157"}],"wp:featuredmedia":[{"embeddable":true,"href":"https:\/\/noticias.inderbu.gov.co\/index.php\/wp-json\/wp\/v2\/media\/1155"}],"wp:attachment":[{"href":"https:\/\/noticias.inderbu.gov.co\/index.php\/wp-json\/wp\/v2\/media?parent=1153"}],"wp:term":[{"taxonomy":"category","embeddable":true,"href":"https:\/\/noticias.inderbu.gov.co\/index.php\/wp-json\/wp\/v2\/categories?post=1153"},{"taxonomy":"post_tag","embeddable":true,"href":"https:\/\/noticias.inderbu.gov.co\/index.php\/wp-json\/wp\/v2\/tags?post=1153"}],"curies":[{"name":"wp","href":"https:\/\/api.w.org\/{rel}","templated":true}]}}