{"id":1006,"date":"2018-04-12T03:29:00","date_gmt":"2018-04-12T08:29:00","guid":{"rendered":"http:\/\/noticias.inderbu.gov.co\/?p=1006"},"modified":"2018-04-13T16:45:20","modified_gmt":"2018-04-13T21:45:20","slug":"4ta-edicion-de-la-semana-de-la-bicicleta-2018","status":"publish","type":"post","link":"https:\/\/noticias.inderbu.gov.co\/index.php\/2018\/04\/12\/4ta-edicion-de-la-semana-de-la-bicicleta-2018\/","title":{"rendered":"4ta edici\u00f3n de la Semana de la Bicicleta 2018"},"content":{"rendered":"<p><strong>En la 4 edici\u00f3n de la Semana de la Bicicleta 2018 vienen diferentes actividades GRATUITAS para la participaci\u00f3n de todos los ciudadanos.<\/strong><\/p>\n<div id=\"attachment_1007\" style=\"width: 881px\" class=\"wp-caption alignnone\"><img loading=\"lazy\" decoding=\"async\" aria-describedby=\"caption-attachment-1007\" class=\"size-full wp-image-1007\" src=\"http:\/\/noticias.inderbu.gov.co\/wp-content\/uploads\/2018\/04\/RUEDA-DE-PRENSA-SEMANA-BICI-e1523636717146.jpg\" alt=\"\" width=\"871\" height=\"581\" \/><p id=\"caption-attachment-1007\" class=\"wp-caption-text\">Rueda de Prensa Semana de la Bicicleta 2018<\/p><\/div>\n<p style=\"text-align: justify;\">En su programaci\u00f3n del 16 al 22 de abril se contar\u00e1 con diversas actividades recreativas, educativas, culturales y comerciales, entre las que se destacan seis ciclopaseos, retos deportivos, conversatorios y talleres, que contar\u00e1n con el apoyo de todo el recurso humano, log\u00edstico y la experiencia del INDERBU en el desarrollo de dichas actividades recreativas para la ciudad de Bucaramanga y donde se busca generar conciencia en el uso adecuado del tiempo libre, la movilidad sostenible y el cuidado del medio ambiente.<\/p>\n<p style=\"text-align: justify;\">La Directora General del Instituto de la Juventud el Deporte y la Recreaci\u00f3n de Bucaramanga, Dra. Consuelo Rodr\u00edguez Gil, particip\u00f3 en la rueda de prensa del lanzamiento de la Semana de la Bicicleta en Bucaramanga y destac\u00f3 el excelente momento en el que se encuentra la administraci\u00f3n municipal trabajando con sinergia y compromiso en la b\u00fasqueda de tener una ciudad competitiva, con salud y sostenibilidad ambiental.<\/p>\n<blockquote>\n<p style=\"text-align: justify;\">Todos sabemos que el INDERBU junto con la administraci\u00f3n y diferentes instituciones ven\u00edan realizando trabajos muy separados en torno a celebrar el d\u00eda de la bicicleta y que representaron la suma de esfuerzos para la firma del Acuerdo 001 de 2017 emanado por el Concejo de Bucaramanga, donde se establece la Semana de la Bicicleta con varios objetivos, el primero y uno de los m\u00e1s importantes, porque hacen parte de la Misi\u00f3n institucional del INDERBU: Es el de contribuir al mejoramiento de la salud p\u00fablica a trav\u00e9s de la generaci\u00f3n de h\u00e1bitos y estilos de vida saludables.\u201d <em><strong>Consuelo Rodr\u00edguez Gil \/ Directora General INDERBU<\/strong><\/em><\/p>\n<\/blockquote>\n<p style=\"text-align: justify;\">Es fundamental que todos los ciudadanos conozcan que el INDERBU, adem\u00e1s de promover el deporte y la recreaci\u00f3n, para nuestra instituci\u00f3n \u00a0LA SEMANA DE LA BICICLETA es una puerta donde podemos aportar desde la perspectiva de nuestra misi\u00f3n, el uso de la bicicleta enmarcada en un entorno de vida activa y saludable; este entorno hace que por medio de la bicicleta se desarrollen acciones para mejorar nuestro cuerpo, fortaleciendo la capacidad muscular y cardiovascular, entre otros beneficios para la salud.\u00a0 <em>Lo importante es que encuentren en la bicicleta un modelo de ejecuci\u00f3n de la actividad f\u00edsica.<\/em><\/p>\n<p>La siguiente es la programaci\u00f3n de la Semana de la Bicicleta del 2018:<\/p>\n<div id=\"attachment_1010\" style=\"width: 3311px\" class=\"wp-caption alignnone\"><img loading=\"lazy\" decoding=\"async\" aria-describedby=\"caption-attachment-1010\" class=\"size-full wp-image-1010\" src=\"http:\/\/noticias.inderbu.gov.co\/wp-content\/uploads\/2018\/04\/Poster-de-la-Semana-1.png\" alt=\"\" width=\"3301\" height=\"5101\" srcset=\"https:\/\/noticias.inderbu.gov.co\/wp-content\/uploads\/2018\/04\/Poster-de-la-Semana-1.png 3301w, https:\/\/noticias.inderbu.gov.co\/wp-content\/uploads\/2018\/04\/Poster-de-la-Semana-1-194x300.png 194w, https:\/\/noticias.inderbu.gov.co\/wp-content\/uploads\/2018\/04\/Poster-de-la-Semana-1-768x1187.png 768w, https:\/\/noticias.inderbu.gov.co\/wp-content\/uploads\/2018\/04\/Poster-de-la-Semana-1-663x1024.png 663w\" sizes=\"auto, (max-width: 3301px) 100vw, 3301px\" \/><p id=\"caption-attachment-1010\" class=\"wp-caption-text\">Programaci\u00f3n Semana de la Bicicleta 2018<\/p><\/div>\n<p>&nbsp;<\/p>\n<div id=\"attachment_1012\" style=\"width: 881px\" class=\"wp-caption alignnone\"><img loading=\"lazy\" decoding=\"async\" aria-describedby=\"caption-attachment-1012\" class=\"size-full wp-image-1012\" src=\"http:\/\/noticias.inderbu.gov.co\/wp-content\/uploads\/2018\/04\/CICLOPASEO-INAUGURA-SEMANA-BICI-e1523655778378.jpeg\" alt=\"\" width=\"871\" height=\"871\" \/><p id=\"caption-attachment-1012\" class=\"wp-caption-text\">Recorrido ciclopaseo inauguraci\u00f3n Semana Bicicleta 2018<\/p><\/div>\n<p>&nbsp;<\/p>\n<div id=\"attachment_1013\" style=\"width: 881px\" class=\"wp-caption alignnone\"><img loading=\"lazy\" decoding=\"async\" aria-describedby=\"caption-attachment-1013\" class=\"size-full wp-image-1013\" src=\"http:\/\/noticias.inderbu.gov.co\/wp-content\/uploads\/2018\/04\/CICLOPASEO-17-ABRIL-e1523655848316.jpeg\" alt=\"\" width=\"871\" height=\"870\" \/><p id=\"caption-attachment-1013\" class=\"wp-caption-text\">Recorrido Ciclopaseo martes 17 abril \/ Semana de la Bicicleta 2018<\/p><\/div>\n<p>&nbsp;<\/p>\n<p>&nbsp;<\/p>\n","protected":false},"excerpt":{"rendered":"<p>En la 4 edici\u00f3n de la Semana de la Bicicleta 2018 vienen diferentes actividades GRATUITAS para la participaci\u00f3n de todos&#46;&#46;&#46;<\/p>\n","protected":false},"author":3,"featured_media":1007,"comment_status":"closed","ping_status":"open","sticky":false,"template":"","format":"standard","meta":{"_bbp_topic_count":0,"_bbp_reply_count":0,"_bbp_total_topic_count":0,"_bbp_total_reply_count":0,"_bbp_voice_count":0,"_bbp_anonymous_reply_count":0,"_bbp_topic_count_hidden":0,"_bbp_reply_count_hidden":0,"_bbp_forum_subforum_count":0,"footnotes":""},"categories":[6,4],"tags":[],"class_list":["post-1006","post","type-post","status-publish","format-standard","has-post-thumbnail","hentry","category-actifisica","category-noticias"],"_links":{"self":[{"href":"https:\/\/noticias.inderbu.gov.co\/index.php\/wp-json\/wp\/v2\/posts\/1006","targetHints":{"allow":["GET"]}}],"collection":[{"href":"https:\/\/noticias.inderbu.gov.co\/index.php\/wp-json\/wp\/v2\/posts"}],"about":[{"href":"https:\/\/noticias.inderbu.gov.co\/index.php\/wp-json\/wp\/v2\/types\/post"}],"author":[{"embeddable":true,"href":"https:\/\/noticias.inderbu.gov.co\/index.php\/wp-json\/wp\/v2\/users\/3"}],"replies":[{"embeddable":true,"href":"https:\/\/noticias.inderbu.gov.co\/index.php\/wp-json\/wp\/v2\/comments?post=1006"}],"version-history":[{"count":4,"href":"https:\/\/noticias.inderbu.gov.co\/index.php\/wp-json\/wp\/v2\/posts\/1006\/revisions"}],"predecessor-version":[{"id":1014,"href":"https:\/\/noticias.inderbu.gov.co\/index.php\/wp-json\/wp\/v2\/posts\/1006\/revisions\/1014"}],"wp:featuredmedia":[{"embeddable":true,"href":"https:\/\/noticias.inderbu.gov.co\/index.php\/wp-json\/wp\/v2\/media\/1007"}],"wp:attachment":[{"href":"https:\/\/noticias.inderbu.gov.co\/index.php\/wp-json\/wp\/v2\/media?parent=1006"}],"wp:term":[{"taxonomy":"category","embeddable":true,"href":"https:\/\/noticias.inderbu.gov.co\/index.php\/wp-json\/wp\/v2\/categories?post=1006"},{"taxonomy":"post_tag","embeddable":true,"href":"https:\/\/noticias.inderbu.gov.co\/index.php\/wp-json\/wp\/v2\/tags?post=1006"}],"curies":[{"name":"wp","href":"https:\/\/api.w.org\/{rel}","templated":true}]}}